{"id":10711,"date":"2014-12-11T09:51:00","date_gmt":"2014-12-11T08:51:00","guid":{"rendered":"http:\/\/theark.ch\/sierre-a-vibre-au-rythme-du-techno-pole-7858\/"},"modified":"2024-09-17T18:22:37","modified_gmt":"2024-09-17T16:22:37","slug":"siders-stand-ganz-im-zeichen-des-techno-pole-7858","status":"publish","type":"post","link":"https:\/\/theark.ch\/de\/news\/siders-stand-ganz-im-zeichen-des-techno-pole-7858\/","title":{"rendered":"Siders stand ganz im Zeichen des Techno-P\u00f4le"},"content":{"rendered":"<p><strong>Den ganzen Oktober hindurch hat der <a href=\"http:\/\/www.technopole.ch\" target=\"_blank\" rel=\"noopener\">Techno-P\u00f4le<\/a> im Stadtzentrum von Siders Quartier bezogen \u2013 in Form einer Ausstellung, die die Entwicklung des Technologiestandorts aufzeigte. Am 27.09.2014, dem Er\u00f6ffnungstag, konnten sich die Besucher mit den Projektinitiatoren austauschen: Marc-Andr\u00e9 Berclaz, Claude-Michel und Laurent Salamin, deren Zitate die Entwicklung des Standorts seit 1989 gut widerspiegeln.<\/strong><\/p>\n<p>\u00a0<\/p>\n<ul>\n<li>M.-A. Berclaz: Wir hatten den Traum eines Technologiezentrums, das Siders eine neue wirtschaftliche Dynamik verleihen k\u00f6nnte\u00a0&#8230; Diesen Traum haben wir gepflegt, unterst\u00fctzt, geteilt. Ihn zu verwirklichen bedeutete, das Unwahrscheinliche zur Realit\u00e4t, den Zweifel zur Gewissheit, die Furcht zum Wagemut werden zu lassen. Mit einem Wort: es bedeutete einfach, etwas zu WAGEN.<\/li>\n<li>Cl.-M. Salamin: Dieses Projekt ist nicht aus einem Businessplan hervorgegangen, es ist aus der reinen Leidenschaft des Unternehmertums heraus entstanden. (\u2026) Der Enthusiasmus und die \u00dcberzeugung eines Teams haben diesen Standort dazu gebracht, Schritt f\u00fcr Schritt zu wachsen. Und in demselben Geist nehmen neue Projekte Gestalt an!<\/li>\n<li>L. Salamin: Dies ist ein sehr gelungenes Beispiel f\u00fcr eine \u00f6ffentlich-private Partnerschaft, die die Dynamik des Unternehmergeistes mit der Solidit\u00e4t finanzieller Unterst\u00fctzungen verbindet. Sie ist perfekt auf die Walliser Wirtschaft zugeschnitten, und ihre stufenweise Entwicklung erfolgt im Rahmen einer langfristigen Perspektive.<\/li>\n<\/ul>\n<p>\u00a0<\/p>\n<p>Die geplante Erweiterung des Techno-P\u00f4le in den R\u00e4umlichkeiten des Foyers der ehemaligen Alusuisse passt vollkommen zu dem Geist einer schrittweisen Entwicklung, die den Gr\u00fcndern so am Herzen lag.<\/p>\n<p>Mit der Einrichtung des \u201eHauses des Unternehmertums\u201c entsprechen sie einerseits der Anforderung einer kurzfristigen Erweiterung und andererseits einem ebenso notwendigen Bed\u00fcrfnis der Diversifizierung des Standorts.<\/p>\n<p>Diese Renovierung wird das lokale Industrieerbe sch\u00fctzen, unter Ber\u00fccksichtigung und Erhaltung der urspr\u00fcnglichen Bausubstanz, wobei diese eine neue Bestimmung in \u00dcbereinstimmung mit den verfolgten Zielen erh\u00e4lt.\u00a0\u00a0\u00a0<\/p>\n<p align=\"left\">\u00a0<\/p>\n","protected":false},"excerpt":{"rendered":"<p>Den ganzen Oktober hindurch hat der Techno-P\u00f4le im Stadtzentrum von Siders Quartier bezogen \u2013 in Form einer Ausstellung, die die Entwicklung des Technologiestandorts aufzeigte. Am 27.09.2014, dem Er\u00f6ffnungstag, konnten sich die Besucher mit den Projektinitiatoren austauschen: Marc-Andr\u00e9 Berclaz, Claude-Michel und Laurent Salamin, deren Zitate die Entwicklung des Standorts seit 1989 gut widerspiegeln. \u00a0 M.-A. Berclaz: [&hellip;]<\/p>\n","protected":false},"author":1,"featured_media":0,"comment_status":"closed","ping_status":"closed","sticky":false,"template":"","format":"standard","meta":{"_acf_changed":false,"footnotes":""},"categories":[218],"tags":[],"class_list":["post-10711","post","type-post","status-publish","format-standard","hentry","category-industrie-de"],"acf":[],"_links":{"self":[{"href":"https:\/\/theark.ch\/de\/wp-json\/wp\/v2\/posts\/10711","targetHints":{"allow":["GET"]}}],"collection":[{"href":"https:\/\/theark.ch\/de\/wp-json\/wp\/v2\/posts"}],"about":[{"href":"https:\/\/theark.ch\/de\/wp-json\/wp\/v2\/types\/post"}],"author":[{"embeddable":true,"href":"https:\/\/theark.ch\/de\/wp-json\/wp\/v2\/users\/1"}],"replies":[{"embeddable":true,"href":"https:\/\/theark.ch\/de\/wp-json\/wp\/v2\/comments?post=10711"}],"version-history":[{"count":15,"href":"https:\/\/theark.ch\/de\/wp-json\/wp\/v2\/posts\/10711\/revisions"}],"predecessor-version":[{"id":38314,"href":"https:\/\/theark.ch\/de\/wp-json\/wp\/v2\/posts\/10711\/revisions\/38314"}],"wp:attachment":[{"href":"https:\/\/theark.ch\/de\/wp-json\/wp\/v2\/media?parent=10711"}],"wp:term":[{"taxonomy":"category","embeddable":true,"href":"https:\/\/theark.ch\/de\/wp-json\/wp\/v2\/categories?post=10711"},{"taxonomy":"post_tag","embeddable":true,"href":"https:\/\/theark.ch\/de\/wp-json\/wp\/v2\/tags?post=10711"}],"curies":[{"name":"wp","href":"https:\/\/api.w.org\/{rel}","templated":true}]}}