{"id":10727,"date":"2014-12-15T16:11:00","date_gmt":"2014-12-15T15:11:00","guid":{"rendered":"http:\/\/theark.ch\/ca-demarre-en-janvier-pour-le-bioark-visp-7932\/"},"modified":"2024-09-17T18:22:38","modified_gmt":"2024-09-17T16:22:38","slug":"im-januar-wird-mit-dem-bau-des-bioark-visp-begonnen-7932","status":"publish","type":"post","link":"https:\/\/theark.ch\/de\/news\/im-januar-wird-mit-dem-bau-des-bioark-visp-begonnen-7932\/","title":{"rendered":"Im Januar wird mit dem Bau des BioArk Visp begonnen"},"content":{"rendered":"<p><strong>Das Projekt BioArk Visp hat eine weitere H\u00fcrde genommen. Die Baubewilligung wurde dieser Tage entschieden und die Bauarbeiten beginnen im Januar 2015. Ab Sommer 2016 stehen f\u00fcr Life Sciences Start-up und KMU massgeschneiderte Einrichtungen zur Verf\u00fcgung. Mit dem neuen Schuljahr gehen ab August 2016 f\u00fcr die Berufsausbildung der Chemie- und Biologielaboranten neue Labors und Schulungsr\u00e4ume in Betrieb.<\/strong><\/p>\n<p>\u00a0<\/p>\n<p>Das neue Geb\u00e4ude verf\u00fcgt \u00fcber eine Gesamtfl\u00e4che von rund 4\u2018000 m2 auf vier Stockwerken. Zwei Stockwerke stehen f\u00fcr Jungunternehmen (Start-up) und innovative KMU bereit. Ein Stockwerk ist der Ausbildung gewidmet und im letzten Stockwerk kommt eine vorindustrielle Technologieplattform zu stehen.<\/p>\n","protected":false},"excerpt":{"rendered":"<p>Das Projekt BioArk Visp hat eine weitere H\u00fcrde genommen. Die Baubewilligung wurde dieser Tage entschieden und die Bauarbeiten beginnen im Januar 2015. Ab Sommer 2016 stehen f\u00fcr Life Sciences Start-up und KMU massgeschneiderte Einrichtungen zur Verf\u00fcgung. Mit dem neuen Schuljahr gehen ab August 2016 f\u00fcr die Berufsausbildung der Chemie- und Biologielaboranten neue Labors und Schulungsr\u00e4ume [&hellip;]<\/p>\n","protected":false},"author":1,"featured_media":0,"comment_status":"closed","ping_status":"closed","sticky":false,"template":"","format":"standard","meta":{"_acf_changed":false,"footnotes":""},"categories":[218],"tags":[],"class_list":["post-10727","post","type-post","status-publish","format-standard","hentry","category-industrie-de"],"acf":[],"_links":{"self":[{"href":"https:\/\/theark.ch\/de\/wp-json\/wp\/v2\/posts\/10727","targetHints":{"allow":["GET"]}}],"collection":[{"href":"https:\/\/theark.ch\/de\/wp-json\/wp\/v2\/posts"}],"about":[{"href":"https:\/\/theark.ch\/de\/wp-json\/wp\/v2\/types\/post"}],"author":[{"embeddable":true,"href":"https:\/\/theark.ch\/de\/wp-json\/wp\/v2\/users\/1"}],"replies":[{"embeddable":true,"href":"https:\/\/theark.ch\/de\/wp-json\/wp\/v2\/comments?post=10727"}],"version-history":[{"count":15,"href":"https:\/\/theark.ch\/de\/wp-json\/wp\/v2\/posts\/10727\/revisions"}],"predecessor-version":[{"id":38322,"href":"https:\/\/theark.ch\/de\/wp-json\/wp\/v2\/posts\/10727\/revisions\/38322"}],"wp:attachment":[{"href":"https:\/\/theark.ch\/de\/wp-json\/wp\/v2\/media?parent=10727"}],"wp:term":[{"taxonomy":"category","embeddable":true,"href":"https:\/\/theark.ch\/de\/wp-json\/wp\/v2\/categories?post=10727"},{"taxonomy":"post_tag","embeddable":true,"href":"https:\/\/theark.ch\/de\/wp-json\/wp\/v2\/tags?post=10727"}],"curies":[{"name":"wp","href":"https:\/\/api.w.org\/{rel}","templated":true}]}}