{"id":11215,"date":"2015-09-07T16:51:00","date_gmt":"2015-09-07T14:51:00","guid":{"rendered":"http:\/\/theark.ch\/ne-pas-oublier-lefficience-dans-la-transition-energetique-8244\/"},"modified":"2024-09-17T18:23:24","modified_gmt":"2024-09-17T16:23:24","slug":"die-effizienz-bei-der-energiewende-nicht-vergessen-8244","status":"publish","type":"post","link":"https:\/\/theark.ch\/de\/news\/die-effizienz-bei-der-energiewende-nicht-vergessen-8244\/","title":{"rendered":"Die Effizienz bei der Energiewende nicht vergessen"},"content":{"rendered":"<p><strong>Es wird zu nichts f\u00fchren, st\u00e4ndig den niedrigsten Preis f\u00fcr die Energie anzustreben. Stattdessen geht es eher darum, die Energieeffizienz zu nutzen. Es besteht n\u00e4mlich ein grosses Einsparpotenzial, so<\/strong><strong style=\"line-height: 20.7999992370605px;\">\u00a0<a href=\"https:\/\/www.linkedin.com\/pub\/gilles-garazi\/1a\/15b\/411\" target=\"_blank\" rel=\"noopener\">Gilles Garazi<\/a><\/strong><strong>, Leiter des Bereichs Energiewende des Infrastrukturunternehmens <a href=\"http:\/\/www.sig-ge.ch\/nous-connaitre\/home\" target=\"_blank\" rel=\"noopener\">Services industriels de Gen\u00e8ve (SIG)<\/a>, der auf dem letzten nationalen Thementag Smart Energy in Sitten sprach.<\/strong><\/p>\n<p>\u00a0<\/p>\n<p>Alle L\u00e4nder haben eine Energiestrategie, denn dies ist f\u00fcr ein reibungsloses Funktionieren der Wirtschaft unverzichtbar. Doch andererseits w\u00fcnscht man sich einen liberalisierten Markt, der letztendlich in die Richtung des niedrigsten Preises geht. Die L\u00e4nder arbeiten daher mit Subventionen, Regeln und Gesetzen, damit die Strategie in die von den L\u00e4ndern gew\u00fcnschte Richtung geht. \u201eDoch nach einer gewissen Zeit funktioniert dieses System nicht mehr\u201c, meint Gilles Garazi.<\/p>\n<p>\u00a0<\/p>\n<p><strong>Kein Streben nach dem niedrigsten Preis <\/strong><br \/>\nDie Energiestrategie 2050 ist der richtige Weg, denn sie ber\u00fccksichtigt die schweizerischen Produktionsmittel. \u201eDas langfristige Streben nach den geringsten Kosten ist keine Option. Wir m\u00fcssen in eine andere Richtung denken und vom Gesamtpreis der Energie sprechen, anstatt vom Preis pro Kilowattstunde.\u201c Die Idee besteht darin, weniger zu bezahlen, dabei aber nicht auf umweltverschmutzende \u201eLow-Cost\u201c-Energien zu setzen, sondern Energie zu sparen und die Anlagen der Kunden zu modernisieren.<\/p>\n<p>\u201eDie Schweiz hat schon immer langfristige Modelle entwickelt (Eisenbahn, Pharmasektor &#8230;). Sie muss dies jetzt im Energiebereich tun.\u201c Die Leute m\u00fcssen mittel- bis langfristig denken. Die Idee besteht darin, innovative Wirtschaftsmodelle zu entwickeln, zum Beispiel mit einem Mix aus Energieeinsparungen und sauberem Strom.<\/p>\n<p><strong>Energiewende vor Ort<\/strong><br \/>\nWenn man von Energiewende spricht, darf man daher die Energieeffizienz nicht vergessen. So werden in Genf jedes Jahr durch Energiesparmassnahmen 100 GWh weniger verbraucht. Letztendlich wird die Energiewende weder in den eidgen\u00f6ssischen R\u00e4ten noch an den Versammlungen des VSE umgesetzt. \u201eSie wird vor Ort verwirklicht, zusammen mit den Heizungsmonteuren, den Technikern. Sie sind die Berater der Haushalte. Es geht darum, mit ihnen zusammenzuarbeiten und die Diskussion konkret vor Ort zu f\u00fchren.\u201c<\/p>\n<p>\u00a0<\/p>\n<p><strong><a href=\"http:\/\/theark.ch\/media\/document\/0\/04.-2015904_journce-smart-energy.pdf\">P<\/a><\/strong><a href=\"http:\/\/theark.ch\/media\/document\/0\/04.-2015904_journce-smart-energy.pdf\"><strong>r\u00e4sentation<\/strong><\/a><\/p>\n<p>\u00a0<\/p>\n","protected":false},"excerpt":{"rendered":"<p>Es wird zu nichts f\u00fchren, st\u00e4ndig den niedrigsten Preis f\u00fcr die Energie anzustreben. Stattdessen geht es eher darum, die Energieeffizienz zu nutzen. Es besteht n\u00e4mlich ein grosses Einsparpotenzial, so\u00a0Gilles Garazi, Leiter des Bereichs Energiewende des Infrastrukturunternehmens Services industriels de Gen\u00e8ve (SIG), der auf dem letzten nationalen Thementag Smart Energy in Sitten sprach. \u00a0 Alle L\u00e4nder [&hellip;]<\/p>\n","protected":false},"author":1,"featured_media":0,"comment_status":"closed","ping_status":"closed","sticky":false,"template":"","format":"standard","meta":{"_acf_changed":false,"footnotes":""},"categories":[224],"tags":[],"class_list":["post-11215","post","type-post","status-publish","format-standard","hentry","category-umwelt-und-energie"],"acf":[],"_links":{"self":[{"href":"https:\/\/theark.ch\/de\/wp-json\/wp\/v2\/posts\/11215","targetHints":{"allow":["GET"]}}],"collection":[{"href":"https:\/\/theark.ch\/de\/wp-json\/wp\/v2\/posts"}],"about":[{"href":"https:\/\/theark.ch\/de\/wp-json\/wp\/v2\/types\/post"}],"author":[{"embeddable":true,"href":"https:\/\/theark.ch\/de\/wp-json\/wp\/v2\/users\/1"}],"replies":[{"embeddable":true,"href":"https:\/\/theark.ch\/de\/wp-json\/wp\/v2\/comments?post=11215"}],"version-history":[{"count":3,"href":"https:\/\/theark.ch\/de\/wp-json\/wp\/v2\/posts\/11215\/revisions"}],"predecessor-version":[{"id":38472,"href":"https:\/\/theark.ch\/de\/wp-json\/wp\/v2\/posts\/11215\/revisions\/38472"}],"wp:attachment":[{"href":"https:\/\/theark.ch\/de\/wp-json\/wp\/v2\/media?parent=11215"}],"wp:term":[{"taxonomy":"category","embeddable":true,"href":"https:\/\/theark.ch\/de\/wp-json\/wp\/v2\/categories?post=11215"},{"taxonomy":"post_tag","embeddable":true,"href":"https:\/\/theark.ch\/de\/wp-json\/wp\/v2\/tags?post=11215"}],"curies":[{"name":"wp","href":"https:\/\/api.w.org\/{rel}","templated":true}]}}