{"id":11263,"date":"2015-09-07T16:57:00","date_gmt":"2015-09-07T14:57:00","guid":{"rendered":"http:\/\/theark.ch\/les-petits-et-grands-chiffres-de-la-5e-journee-smart-energy-8250\/"},"modified":"2024-09-17T18:23:29","modified_gmt":"2024-09-17T16:23:29","slug":"der-5-nationale-thementag-smart-energy-in-kleinen-und-grossen-zahlen-8250","status":"publish","type":"post","link":"https:\/\/theark.ch\/de\/news\/der-5-nationale-thementag-smart-energy-in-kleinen-und-grossen-zahlen-8250\/","title":{"rendered":"Der 5. nationale Thementag Smart Energy \u2013 in kleinen und grossen Zahlen"},"content":{"rendered":"<p><strong>W\u00e4hrend des 5. nationalen Thementags Smart Energy in Sitten haben etwa zehn Redner Argumente ausgetauscht, aber auch eine Menge Zahlen vorgetragen. Wir pr\u00e4sentieren Ihnen hier \u2013 bunt gemischt \u2013 eine kleine Auswahl der Zahlen, die am 4. September genannt wurden. Diese bringen die Komplexit\u00e4t des gegenw\u00e4rtigen Energiesystems gut zum Ausdruck. <\/strong><\/p>\n<ul>\n<li><strong>5<\/strong>: Prozentualer Anteil der neuen erneuerbaren Energien in der Schweiz (Paul Michellod, Generaldirektor von FMV).<\/li>\n<li><strong>25<\/strong>: Prozentualer Anteil des Stroms an der gesamten Energieproduktion der Schweiz (Paul Michellod).<\/li>\n<li><strong>30<\/strong>: Anzahl der Jahre, die f\u00fcr die Entwicklung der Technologie zur Wasserstoffspeicherung des in Martinach ans\u00e4ssigen Unternehmens Alevo ben\u00f6tigt wurden (Jean-Claude Beney, Alevo).<\/li>\n<li><strong>100<\/strong>: Energie in GWh, die in einem Jahr vom Kanton Genf durch Energieeffizienz-Massnahmen eingespart wird (Gilles Garazi, SIG).<\/li>\n<li><strong>2099<\/strong>: An diesem Datum wird laut Prognosen vom Rhonegletscher nur noch Firnschnee \u00fcbrig sein (Martin Beniston, Klimatologe).<\/li>\n<li><strong>3000<\/strong>: Strommenge in MW, die die Schweiz w\u00e4hrend der j\u00fcngsten Abschaltung ihrer f\u00fcnf Kernkraftwerke importieren musste (Jean-Albert Ferrez, L\u2018Energie de Sion-R\u00e9gion).<\/li>\n<li><strong>1&#39;000\u2019000<\/strong>: Betrag in Franken, der jeden Tag f\u00fcr die Baustelle Nant de Drance ausgegeben wird. Die Gesamtkosten dieses Projekts belaufen sich auf 2 Milliarden Franken (Eric Wuilloud, Nant de Drance).<\/li>\n<\/ul>\n<ul>\n<li><strong>700\u2019000\u2019000<\/strong>: Betrag in Franken, der f\u00fcr die weitere Nutzung des Kernkraftwerks Beznau erforderlich ist (Ad\u00e8le Thorens, Nationalr\u00e4tin).<\/li>\n<\/ul>\n","protected":false},"excerpt":{"rendered":"<p>W\u00e4hrend des 5. nationalen Thementags Smart Energy in Sitten haben etwa zehn Redner Argumente ausgetauscht, aber auch eine Menge Zahlen vorgetragen. Wir pr\u00e4sentieren Ihnen hier \u2013 bunt gemischt \u2013 eine kleine Auswahl der Zahlen, die am 4. September genannt wurden. Diese bringen die Komplexit\u00e4t des gegenw\u00e4rtigen Energiesystems gut zum Ausdruck. 5: Prozentualer Anteil der neuen [&hellip;]<\/p>\n","protected":false},"author":1,"featured_media":0,"comment_status":"closed","ping_status":"closed","sticky":false,"template":"","format":"standard","meta":{"_acf_changed":false,"footnotes":""},"categories":[224],"tags":[],"class_list":["post-11263","post","type-post","status-publish","format-standard","hentry","category-umwelt-und-energie"],"acf":[],"_links":{"self":[{"href":"https:\/\/theark.ch\/de\/wp-json\/wp\/v2\/posts\/11263","targetHints":{"allow":["GET"]}}],"collection":[{"href":"https:\/\/theark.ch\/de\/wp-json\/wp\/v2\/posts"}],"about":[{"href":"https:\/\/theark.ch\/de\/wp-json\/wp\/v2\/types\/post"}],"author":[{"embeddable":true,"href":"https:\/\/theark.ch\/de\/wp-json\/wp\/v2\/users\/1"}],"replies":[{"embeddable":true,"href":"https:\/\/theark.ch\/de\/wp-json\/wp\/v2\/comments?post=11263"}],"version-history":[{"count":3,"href":"https:\/\/theark.ch\/de\/wp-json\/wp\/v2\/posts\/11263\/revisions"}],"predecessor-version":[{"id":38496,"href":"https:\/\/theark.ch\/de\/wp-json\/wp\/v2\/posts\/11263\/revisions\/38496"}],"wp:attachment":[{"href":"https:\/\/theark.ch\/de\/wp-json\/wp\/v2\/media?parent=11263"}],"wp:term":[{"taxonomy":"category","embeddable":true,"href":"https:\/\/theark.ch\/de\/wp-json\/wp\/v2\/categories?post=11263"},{"taxonomy":"post_tag","embeddable":true,"href":"https:\/\/theark.ch\/de\/wp-json\/wp\/v2\/tags?post=11263"}],"curies":[{"name":"wp","href":"https:\/\/api.w.org\/{rel}","templated":true}]}}