{"id":11471,"date":"2015-12-10T10:03:00","date_gmt":"2015-12-10T09:03:00","guid":{"rendered":"http:\/\/theark.ch\/des-nouveaux-locaux-pour-the-ark-et-ses-start-up-8338\/"},"modified":"2024-09-17T18:23:49","modified_gmt":"2024-09-17T16:23:49","slug":"neue-raeumlichkeiten-fuer-the-ark-und-ihre-start-ups-8338","status":"publish","type":"post","link":"https:\/\/theark.ch\/de\/news\/neue-raeumlichkeiten-fuer-the-ark-und-ihre-start-ups-8338\/","title":{"rendered":"Neue R\u00e4umlichkeiten f\u00fcr The Ark und ihre Start-ups"},"content":{"rendered":"<p><strong>Die <a href=\"http:\/\/theark.ch\/de\/\" target=\"_blank\" rel=\"noopener\">Stiftung The Ark<\/a> hat k\u00fcrzlich ihre neuen R\u00e4umlichkeiten im <a href=\"http:\/\/www.energypolis.ch\/\" target=\"_blank\" rel=\"noopener\">Energypolis<\/a> in Sitten (Rue de l\u2018Industrie 17) bezogen. In dem Geb\u00e4ude ist insbesondere das Zentrum <a href=\"http:\/\/valais.epfl.ch\/homeseite\" target=\"_blank\" rel=\"noopener\">EPFL Valais Wallis<\/a> angesiedelt. Die bis jetzt von The Ark belegten R\u00e4ume im Erdgeschoss wurden f\u00fcr die Aufstellung imposanter Maschinen der EPFL eingerichtet. The Ark verf\u00fcgt jetzt \u00fcber ein Empfangsb\u00fcro im Erdgeschoss sowie einen KMU- und Start-up-Bereich im 1. Stock, mit B\u00fcros, Laboren und Konferenzr\u00e4umen.<\/strong><\/p>\n<p>Bis heute sind bereits drei Start-ups an diesem Standort angesiedelt: <a href=\"http:\/\/imperix.ch\/\" target=\"_blank\" rel=\"noopener\">Imperix<\/a> (Leistungselektronik-L\u00f6sungen), <a href=\"http:\/\/www.buyeco.ch\/de\/\" target=\"_blank\" rel=\"noopener\">BuyEco<\/a> (Marktplatz f\u00fcr erneuerbare Energien) und <a href=\"http:\/\/www.vsboat.ch\/\" target=\"_blank\" rel=\"noopener\">VS Boat<\/a> (Boot mit Elektroantrieb). Weitere sollten bald folgen.<\/p>\n<p>\u00a0<\/p>\n","protected":false},"excerpt":{"rendered":"<p>Die Stiftung The Ark hat k\u00fcrzlich ihre neuen R\u00e4umlichkeiten im Energypolis in Sitten (Rue de l\u2018Industrie 17) bezogen. In dem Geb\u00e4ude ist insbesondere das Zentrum EPFL Valais Wallis angesiedelt. Die bis jetzt von The Ark belegten R\u00e4ume im Erdgeschoss wurden f\u00fcr die Aufstellung imposanter Maschinen der EPFL eingerichtet. The Ark verf\u00fcgt jetzt \u00fcber ein Empfangsb\u00fcro [&hellip;]<\/p>\n","protected":false},"author":1,"featured_media":0,"comment_status":"closed","ping_status":"closed","sticky":false,"template":"","format":"standard","meta":{"_acf_changed":false,"footnotes":""},"categories":[224],"tags":[],"class_list":["post-11471","post","type-post","status-publish","format-standard","hentry","category-umwelt-und-energie"],"acf":[],"_links":{"self":[{"href":"https:\/\/theark.ch\/de\/wp-json\/wp\/v2\/posts\/11471","targetHints":{"allow":["GET"]}}],"collection":[{"href":"https:\/\/theark.ch\/de\/wp-json\/wp\/v2\/posts"}],"about":[{"href":"https:\/\/theark.ch\/de\/wp-json\/wp\/v2\/types\/post"}],"author":[{"embeddable":true,"href":"https:\/\/theark.ch\/de\/wp-json\/wp\/v2\/users\/1"}],"replies":[{"embeddable":true,"href":"https:\/\/theark.ch\/de\/wp-json\/wp\/v2\/comments?post=11471"}],"version-history":[{"count":3,"href":"https:\/\/theark.ch\/de\/wp-json\/wp\/v2\/posts\/11471\/revisions"}],"predecessor-version":[{"id":38572,"href":"https:\/\/theark.ch\/de\/wp-json\/wp\/v2\/posts\/11471\/revisions\/38572"}],"wp:attachment":[{"href":"https:\/\/theark.ch\/de\/wp-json\/wp\/v2\/media?parent=11471"}],"wp:term":[{"taxonomy":"category","embeddable":true,"href":"https:\/\/theark.ch\/de\/wp-json\/wp\/v2\/categories?post=11471"},{"taxonomy":"post_tag","embeddable":true,"href":"https:\/\/theark.ch\/de\/wp-json\/wp\/v2\/tags?post=11471"}],"curies":[{"name":"wp","href":"https:\/\/api.w.org\/{rel}","templated":true}]}}