{"id":11543,"date":"2016-02-03T15:25:00","date_gmt":"2016-02-03T14:25:00","guid":{"rendered":"http:\/\/theark.ch\/leenergycenter-et-the-ark-ouvrent-des-perspectives-dans-la-e-energy-8371\/"},"modified":"2024-09-17T18:23:59","modified_gmt":"2024-09-17T16:23:59","slug":"das-eenergycenter-und-the-ark-eroeffnen-perspektiven-im-bereich-e-energy-8371","status":"publish","type":"post","link":"https:\/\/theark.ch\/de\/news\/das-eenergycenter-und-the-ark-eroeffnen-perspektiven-im-bereich-e-energy-8371\/","title":{"rendered":"Das eEnergyCenter und The Ark er\u00f6ffnen Perspektiven im Bereich E-Energy"},"content":{"rendered":"<p><strong>Der Kanton Wallis verf\u00fcgt \u00fcber mehrere Initiativen zur F\u00f6rderung und Begleitung von E-Energy-Projekten. Zu diesen z\u00e4hlen auch das <a href=\"http:\/\/www.eenergycenter.ch\/?lang=de\" target=\"_blank\" rel=\"noopener\">eEnergyCenter<\/a> von Siders und <a href=\"http:\/\/theark.ch\/de\/\" target=\"_blank\" rel=\"noopener\">The Ark<\/a>, die Stiftung f\u00fcr Innovation im Wallis. F\u00fcr diese zwei Organisationen wurden klare Priorit\u00e4ten f\u00fcr diesen T\u00e4tigkeitsbereich festgelegt. Dazu geh\u00f6ren auch Rahmenprogramme zur Unterst\u00fctzung von konkreten Projekten mit KMU und Start-ups in der Region.<\/strong><\/p>\n<p>So hat das Ende 2014 ins Leben gerufene eEnergyCenter eine Infrastruktur f\u00fcr die Erfassung und Verwaltung von Energiedaten auf der Basis von Big-Data-Technologien mit Spezialisierung auf die Verwaltung von Zeitreihen eingerichtet. \u201eWir wollen innovative Informationssysteme aufbauen, die allen Akteuren der Energie-Wertsch\u00f6pfungskette dienen sollen. Diese Infrastruktur ist ein Katalysator f\u00fcr unsere Projekte. Sie erm\u00f6glicht es uns, neue Technologien zu testen und uns auf die Entwicklung von spezifischen Anwendungen zu konzentrieren: Vorhersage, Verwaltung der Ausgleichsenergie. Diese Energiedienstleistungen werden in unseren Projekten mit den KMU entwickelt\u201c, erkl\u00e4rt <a href=\"http:\/\/ch.linkedin.com\/in\/yvan-betrisey-12b29aa9\" target=\"_blank\" rel=\"noopener\">Yvan B\u00e9trisey<\/a>, Koordinator des eEnergyCenter. Dies wird durch die Zusammenarbeit und Innovation erm\u00f6glicht, die gemeinsam mit verschiedenen Forschungsinstituten im Wallis und andernorts umgesetzt werden. \u201eSo werden interdisziplin\u00e4re Teams aufgebaut, um \u00fcber die bestm\u00f6glichen Kompetenzen zu verf\u00fcgen.\u201c\u00a0<\/p>\n<p>The Ark setzt ihrerseits seit mehreren Jahren einen Schwerpunkt auf E-Energy, im Anschluss an ihr Ende 2014 ausgelaufenes Programm The Ark Energy. \u201e2016 wird E-Energy, ebenso wie E-Health, eines der Hauptthemen von The Ark sein\u201c, so <a href=\"http:\/\/www.linkedin.com\/in\/fr%C3%A9d%C3%A9ric-bagnoud-0449041\" target=\"_blank\" rel=\"noopener\">Fr\u00e9d\u00e9ric Bagnoud<\/a>, Generalsekret\u00e4r von The Ark. Die Einrichtung von Forschungs- und Unterst\u00fctzungsprojekten f\u00fcr KMU wird auch in den kommenden Jahren im Rahmen eines umfassenden Begleitprogramms fortgef\u00fchrt, um die Walliser Wirtschaft durch Aktivit\u00e4ten mit hoher Wertsch\u00f6pfung optimal zu diversifizieren.<\/p>\n<p><em>Das Interview wurde am 29.01.2016 auf der TechnoArk-Konferenz in Siders gef\u00fchrt.<\/em><\/p>\n","protected":false},"excerpt":{"rendered":"<p>Der Kanton Wallis verf\u00fcgt \u00fcber mehrere Initiativen zur F\u00f6rderung und Begleitung von E-Energy-Projekten. Zu diesen z\u00e4hlen auch das eEnergyCenter von Siders und The Ark, die Stiftung f\u00fcr Innovation im Wallis. F\u00fcr diese zwei Organisationen wurden klare Priorit\u00e4ten f\u00fcr diesen T\u00e4tigkeitsbereich festgelegt. Dazu geh\u00f6ren auch Rahmenprogramme zur Unterst\u00fctzung von konkreten Projekten mit KMU und Start-ups in [&hellip;]<\/p>\n","protected":false},"author":1,"featured_media":0,"comment_status":"closed","ping_status":"closed","sticky":false,"template":"","format":"standard","meta":{"_acf_changed":false,"footnotes":""},"categories":[224],"tags":[],"class_list":["post-11543","post","type-post","status-publish","format-standard","hentry","category-umwelt-und-energie"],"acf":[],"_links":{"self":[{"href":"https:\/\/theark.ch\/de\/wp-json\/wp\/v2\/posts\/11543","targetHints":{"allow":["GET"]}}],"collection":[{"href":"https:\/\/theark.ch\/de\/wp-json\/wp\/v2\/posts"}],"about":[{"href":"https:\/\/theark.ch\/de\/wp-json\/wp\/v2\/types\/post"}],"author":[{"embeddable":true,"href":"https:\/\/theark.ch\/de\/wp-json\/wp\/v2\/users\/1"}],"replies":[{"embeddable":true,"href":"https:\/\/theark.ch\/de\/wp-json\/wp\/v2\/comments?post=11543"}],"version-history":[{"count":3,"href":"https:\/\/theark.ch\/de\/wp-json\/wp\/v2\/posts\/11543\/revisions"}],"predecessor-version":[{"id":38612,"href":"https:\/\/theark.ch\/de\/wp-json\/wp\/v2\/posts\/11543\/revisions\/38612"}],"wp:attachment":[{"href":"https:\/\/theark.ch\/de\/wp-json\/wp\/v2\/media?parent=11543"}],"wp:term":[{"taxonomy":"category","embeddable":true,"href":"https:\/\/theark.ch\/de\/wp-json\/wp\/v2\/categories?post=11543"},{"taxonomy":"post_tag","embeddable":true,"href":"https:\/\/theark.ch\/de\/wp-json\/wp\/v2\/tags?post=11543"}],"curies":[{"name":"wp","href":"https:\/\/api.w.org\/{rel}","templated":true}]}}