{"id":11591,"date":"2016-02-03T16:35:00","date_gmt":"2016-02-03T15:35:00","guid":{"rendered":"http:\/\/theark.ch\/efficience-stockage-et-tic-le-cocktail-pour-reussir-la-transition-energetique-8377\/"},"modified":"2024-09-17T18:24:23","modified_gmt":"2024-09-17T16:24:23","slug":"effizienz-speicherung-und-ikt-der-richtige-mix-fuer-eine-erfolgreiche-energiewende-8437","status":"publish","type":"post","link":"https:\/\/theark.ch\/de\/news\/effizienz-speicherung-und-ikt-der-richtige-mix-fuer-eine-erfolgreiche-energiewende-8437\/","title":{"rendered":"Effizienz, Speicherung und IKT \u2013 der richtige Mix f\u00fcr eine erfolgreiche Energiewende"},"content":{"rendered":"<p><strong>Die Herausforderungen der kommenden Energiewende sind zahlreich und vielf\u00e4ltig. Es geht darum, den Verbrauch zu senken, die CO2-Emissionen zu reduzieren und den Anteil der erneuerbaren Energien zu erh\u00f6hen, aber zugleich die Kosten auf einem akzeptablen Niveau zu halten. Dies wird nur durch Massnahmen zur Steigerung der Energieeffizienz, effiziente Speicherl\u00f6sungen und die Einrichtung intelligenter Stromnetze in Verbindung mit Softwarel\u00f6sungen (IKT) m\u00f6glich sein. Davon ist Eric Plan, Generalsekret\u00e4r der Plattform <a href=\"http:\/\/www.cleantech-alps.com\/de\/index.php\" target=\"_blank\" rel=\"noopener\">CleantechAlps<\/a>, \u00fcberzeugt.<\/strong><\/p>\n<p>\u201eDie Energiewende betrifft nicht nur den Schweizer Atomausstieg. Es geht um eine weltweite Problematik, und die Sachlage kann sich sehr schnell \u00e4ndern.\u201c Drei grosse Herausforderungen sind in den n\u00e4chsten Jahrzehnten im Rahmen der Energiewende zu erwarten. Bei der ersten geht es darum, die Energienachfrage zun\u00e4chst zu stabilisieren und dann zu reduzieren, was durch Massnahmen zur Steigerung der Energieeffizienz, die Entwicklung innovativer Produkte und eine bessere Integration der Konsumenten in das System geschehen soll. Die zweite wird darin bestehen, neue, leistungsf\u00e4hige Anlagen zu bauen, und die dritte, die \u00dcbereinstimmung zwischen der Energienachfrage und den eingerichteten neuen Anlagen sicherstellen zu k\u00f6nnen.<\/p>\n<p><strong>Das Verhalten der Konsumenten nicht vernachl\u00e4ssigen\u00a0<\/strong><br \/>\nAll dies er\u00f6ffnet Chancen f\u00fcr die Forschung, aber auch f\u00fcr die internationale Zusammenarbeit \u2013 insbesondere \u00fcber die europ\u00e4ischen Programme (Horizon 2020). Die Gemeinwesen werden ihre Vorbildfunktion wahrnehmen m\u00fcssen, indem sie ihren Geb\u00e4udebestand optimieren oder ihre Infrastruktureinrichtungen f\u00fcr Pilotprojekte zur Verf\u00fcgung stellen. \u201eImpulsprogramme zur Energieeffizienz wie <a href=\"http:\/\/www.bfe.admin.ch\/prokilowatt\/index.html?lang=de\" target=\"_blank\" rel=\"noopener\">ProKilowatt<\/a> oder <a href=\"http:\/\/www.klik.ch\/de\/Home.88.html\" target=\"_blank\" rel=\"noopener\">Klik<\/a> werden ebenfalls eine wichtige Rolle spielen m\u00fcssen, ebenso wie Softwarel\u00f6sungen und Big Data.\u201c<\/p>\n<p>Umfangreiche Investitionen in Energiespeicherung und Softwarel\u00f6sungen m\u00fcssen vorgesehen werden. Dabei darf man jedoch nicht vernachl\u00e4ssigen, die Verhaltensweisen der Konsumenten besser zu verstehen.<br \/>\n\u00a0<\/p>\n<p><em>Das Interview wurde am 29.01.2016 auf der TechnoArk-Konferenz in Siders gef\u00fchrt.<\/em><\/p>\n","protected":false},"excerpt":{"rendered":"<p>Die Herausforderungen der kommenden Energiewende sind zahlreich und vielf\u00e4ltig. Es geht darum, den Verbrauch zu senken, die CO2-Emissionen zu reduzieren und den Anteil der erneuerbaren Energien zu erh\u00f6hen, aber zugleich die Kosten auf einem akzeptablen Niveau zu halten. Dies wird nur durch Massnahmen zur Steigerung der Energieeffizienz, effiziente Speicherl\u00f6sungen und die Einrichtung intelligenter Stromnetze in [&hellip;]<\/p>\n","protected":false},"author":1,"featured_media":0,"comment_status":"closed","ping_status":"closed","sticky":false,"template":"","format":"standard","meta":{"_acf_changed":false,"footnotes":""},"categories":[224],"tags":[],"class_list":["post-11591","post","type-post","status-publish","format-standard","hentry","category-umwelt-und-energie"],"acf":[],"_links":{"self":[{"href":"https:\/\/theark.ch\/de\/wp-json\/wp\/v2\/posts\/11591","targetHints":{"allow":["GET"]}}],"collection":[{"href":"https:\/\/theark.ch\/de\/wp-json\/wp\/v2\/posts"}],"about":[{"href":"https:\/\/theark.ch\/de\/wp-json\/wp\/v2\/types\/post"}],"author":[{"embeddable":true,"href":"https:\/\/theark.ch\/de\/wp-json\/wp\/v2\/users\/1"}],"replies":[{"embeddable":true,"href":"https:\/\/theark.ch\/de\/wp-json\/wp\/v2\/comments?post=11591"}],"version-history":[{"count":5,"href":"https:\/\/theark.ch\/de\/wp-json\/wp\/v2\/posts\/11591\/revisions"}],"predecessor-version":[{"id":38704,"href":"https:\/\/theark.ch\/de\/wp-json\/wp\/v2\/posts\/11591\/revisions\/38704"}],"wp:attachment":[{"href":"https:\/\/theark.ch\/de\/wp-json\/wp\/v2\/media?parent=11591"}],"wp:term":[{"taxonomy":"category","embeddable":true,"href":"https:\/\/theark.ch\/de\/wp-json\/wp\/v2\/categories?post=11591"},{"taxonomy":"post_tag","embeddable":true,"href":"https:\/\/theark.ch\/de\/wp-json\/wp\/v2\/tags?post=11591"}],"curies":[{"name":"wp","href":"https:\/\/api.w.org\/{rel}","templated":true}]}}