{"id":11767,"date":"2016-04-27T13:59:00","date_gmt":"2016-04-27T11:59:00","guid":{"rendered":"http:\/\/theark.ch\/le-eenergy-center-en-conference-a-smart-energies-paris-8436\/"},"modified":"2024-09-17T18:24:22","modified_gmt":"2024-09-17T16:24:22","slug":"das-eenergy-center-an-der-pariser-smart-energies-konferenz-8436","status":"publish","type":"post","link":"https:\/\/theark.ch\/de\/news\/das-eenergy-center-an-der-pariser-smart-energies-konferenz-8436\/","title":{"rendered":"Das eEnergy Center an der Pariser Smart-Energies-Konferenz"},"content":{"rendered":"<p><strong>Yvan B\u00e9trisey, Koordinator des <a href=\"http:\/\/www.eenergycenter.ch\/\" target=\"_blank\" rel=\"noopener\">eEnergy Center<\/a> von Siders, ist einer der Referenten auf der Konferenz <a href=\"http:\/\/www.smart-energies-expo.com\/\" target=\"_blank\" rel=\"noopener\">Smart Energies 2016<\/a>, die Ende Mai in Paris stattfinden wird. Er wird der einzige Schweizer Vertreter vor Ort sein. Die Pr\u00e4senz des eEnergy Center auf dieser Leitveranstaltung im Bereich des intelligenten Energiemanagements ist eine bemerkenswerte Anerkennung f\u00fcr diese von der <a href=\"http:\/\/theark.ch\/de\/\" target=\"_blank\" rel=\"noopener\">Stiftung The Ark<\/a> mitgegr\u00fcndete Organisation.<\/strong><\/p>\n<p>Yvan B\u00e9trisey wird im Pavillon \u201eBig Data &#038; IoT Energy\u201c zu Wort kommen. In seinem Beitrag mit dem Titel \u201eIT-Infrastruktur und Smart Metering f\u00fcr die Energiewende\u201c wird er u.a. \u00fcber Energie-Tracking sprechen. Auf der Rednerliste wird er neben bedeutenden Namen wie <a href=\"https:\/\/www.microsoft.com\/fr-ch\/\" target=\"_blank\" rel=\"noopener\">Microsoft<\/a>, <a href=\"http:\/\/www.engie.com\/\" target=\"_blank\" rel=\"noopener\">Engie<\/a>, <a href=\"https:\/\/www.oracle.com\/ch-de\/index.html\" target=\"_blank\" rel=\"noopener\">Oracle<\/a> oder <a href=\"http:\/\/www.ericsson.com\/\" target=\"_blank\" rel=\"noopener\">Ericsson <\/a>stehen.<\/p>\n<p>Das 2014 gegr\u00fcndete eEnergy Center ist ein Kompetenzzentrum f\u00fcr Innovation, Gesch\u00e4ftsmodelle, Sozialwissenschaften und Informationssysteme im Dienste der Energiewende. Sein Auftrag besteht in der Durchf\u00fchrung von interdisziplin\u00e4ren Projekten der angewandten Forschung im Bereich des intelligenten Energiemanagements. Sein Ziel ist die Planung und Entwicklung der Informationssysteme der Zukunft im Hinblick auf die Optimierung der Nutzung der erneuerbaren Energien, der Speicherung und der Produktionsmittel.<\/p>\n<p><strong>Weitere Informationen<\/strong>: <a href=\"http:\/\/www.eenergycenter.ch\" target=\"_blank\" rel=\"noopener\">www.eenergycenter.ch<\/a> und\u00a0<a href=\"http:\/\/www.smart-energies-expo.com\/\" style=\"line-height: 20.8px;\" target=\"_blank\" rel=\"noopener\">www.smart-energies-expo.com<\/a><\/p>\n<p>\u00a0<\/p>\n","protected":false},"excerpt":{"rendered":"<p>Yvan B\u00e9trisey, Koordinator des eEnergy Center von Siders, ist einer der Referenten auf der Konferenz Smart Energies 2016, die Ende Mai in Paris stattfinden wird. Er wird der einzige Schweizer Vertreter vor Ort sein. Die Pr\u00e4senz des eEnergy Center auf dieser Leitveranstaltung im Bereich des intelligenten Energiemanagements ist eine bemerkenswerte Anerkennung f\u00fcr diese von der [&hellip;]<\/p>\n","protected":false},"author":1,"featured_media":0,"comment_status":"closed","ping_status":"closed","sticky":false,"template":"","format":"standard","meta":{"_acf_changed":false,"footnotes":""},"categories":[224],"tags":[],"class_list":["post-11767","post","type-post","status-publish","format-standard","hentry","category-umwelt-und-energie"],"acf":[],"_links":{"self":[{"href":"https:\/\/theark.ch\/de\/wp-json\/wp\/v2\/posts\/11767","targetHints":{"allow":["GET"]}}],"collection":[{"href":"https:\/\/theark.ch\/de\/wp-json\/wp\/v2\/posts"}],"about":[{"href":"https:\/\/theark.ch\/de\/wp-json\/wp\/v2\/types\/post"}],"author":[{"embeddable":true,"href":"https:\/\/theark.ch\/de\/wp-json\/wp\/v2\/users\/1"}],"replies":[{"embeddable":true,"href":"https:\/\/theark.ch\/de\/wp-json\/wp\/v2\/comments?post=11767"}],"version-history":[{"count":3,"href":"https:\/\/theark.ch\/de\/wp-json\/wp\/v2\/posts\/11767\/revisions"}],"predecessor-version":[{"id":38700,"href":"https:\/\/theark.ch\/de\/wp-json\/wp\/v2\/posts\/11767\/revisions\/38700"}],"wp:attachment":[{"href":"https:\/\/theark.ch\/de\/wp-json\/wp\/v2\/media?parent=11767"}],"wp:term":[{"taxonomy":"category","embeddable":true,"href":"https:\/\/theark.ch\/de\/wp-json\/wp\/v2\/categories?post=11767"},{"taxonomy":"post_tag","embeddable":true,"href":"https:\/\/theark.ch\/de\/wp-json\/wp\/v2\/tags?post=11767"}],"curies":[{"name":"wp","href":"https:\/\/api.w.org\/{rel}","templated":true}]}}