{"id":12015,"date":"2016-07-18T17:35:00","date_gmt":"2016-07-18T15:35:00","guid":{"rendered":"http:\/\/theark.ch\/nouvelle-politique-regionale-la-suisse-occidentale-mise-sur-le-renforcement-des-synergies-et-le-soutien-a-l-innovation-8494\/"},"modified":"2024-09-17T18:24:50","modified_gmt":"2024-09-17T16:24:50","slug":"neue-regionalpolitik-die-westschweiz-setzt-auf-eine-staerkung-der-synergien-und-die-foerderung-der-innovation-8494","status":"publish","type":"post","link":"https:\/\/theark.ch\/de\/news\/neue-regionalpolitik-die-westschweiz-setzt-auf-eine-staerkung-der-synergien-und-die-foerderung-der-innovation-8494\/","title":{"rendered":"Neue Regionalpolitik: Die Westschweiz setzt auf eine St\u00e4rkung der Synergien und die F\u00f6rderung der Innovation"},"content":{"rendered":"<p>Im Rahmen der beiden ersten interkantonalen Umsetzungsprogramme zur Neuen Regionalpolitik (2008\u20132011 und 2012\u20132015) konnten konkrete Strukturen und Projekte aufgebaut werden, mit denen die Qualit\u00e4t und das Spektrum der Dienstleistungen zugunsten von KMUs und innovativen Start-ups in der Westschweiz verbessert wurden. Das dritte Programm f\u00fcr die Periode 2016\u20132019, das mit einem Globalbudget von 22,78 Mio. Franken ausgestattet ist, wird zu gleichen Teilen vom Bund und von den Westschweizer Kantonen unterst\u00fctzt. Es will die wesentlichen Schwerpunkte der vorangehenden Pe-rioden weiterverfolgen und zugleich die Innovationsf\u00e4higkeit der KMUs und Start-ups in der West-schweiz steigern. Dies soll \u00fcber eine verst\u00e4rkte Vernetzung der regionalen Anlaufstellen und Plattfor-men zur Sektorenf\u00f6rderung Alp ICT, BioAlps, CleantechAlps und Micronarc sowie der Coaching-Organisationen platinn und Alliance erfolgen. Damit kann sich das interkantonale Programm im Regi-onalen Innovationssystem der Westschweiz (RIS-SO) positionieren, wie es der Bund in seiner Bot-schaft \u00fcber die Umsetzung der Neuen Regionalpolitik in der Periode 2016\u20132023 empfiehlt.<\/p>\n<p>Die Leitung des Programms wurde der Volkswirtschaftsdirektorenkonferenz der Westschweiz (VDK-WS) \u00fcbertragen, der die Kantone Bern, Freiburg, Waadt, Wallis, Neuenburg, Genf und Jura ange-h\u00f6ren. Das zentrale Ziel der VDK-WS besteht darin, die Westschweiz noch deutlicher als Region mit einer dynamischen, innovativen und umweltfreundlichen Wirtschaftsentwicklung zu positionieren \u2013 ein Ziel, das mit dem Programm der Neuen Regionalpolitik unterst\u00fctzt wird. Das dritte Umsetzungs-programm der Westschweiz zeigt, wie sehr sich die VDK-WS f\u00fcr die interkantonale Entwicklung engagiert.<\/p>\n<p>Die Lancierung dieses neuen Programms stand im Zentrum einer Veranstaltung, die von der VDK-WS am vergangenen 9. Juni in Freiburg organisiert wurde. An diesem Anlass, an dem sowohl das bisher Erreichte als auch die zuk\u00fcnftigen Projekte der Plattformen zur Sektorenf\u00f6rderung und der Coaching-Organisationen beleuchtet wurden, versammelten sich rund hundert Pers\u00f6nlichkeiten aus Innovati-onskreisen und der Wirtschaftsf\u00f6rderung der Westschweiz sowie Vertreterinnen und Vertreter des\u00a0Bundes. An den Workshops und Diskussionen am Nachmittag fand ein reger Austausch \u00fcber die ver-f\u00fcgbaren Instrumente und die Vernetzung der F\u00f6rdereinrichtungen statt, die nunmehr Bestandteil des neuen Regionalen Innovationssystems der Westschweiz (RIS-SO) sind. In seiner Begr\u00fcssungsan-sprache unterstrich der Freiburger Staats- und St\u00e4nderat Beat Vonlanthen zudem, wie wichtig es ist, diese Initiativen auf interkantonaler Ebene weiterzuf\u00fchren und ihre Komplementarit\u00e4t mit den kantona-len Strukturen zu st\u00e4rken. Die F\u00f6rderung der Innovationsdynamik auf regionaler Ebene ist f\u00fcr die Kan-tone der Westschweiz ein priorit\u00e4res politisches Anliegen. Wie die Entwicklung der letzten Jahre zeigt, geht es dabei n\u00e4mlich um die St\u00e4rke ihrer Wirtschaft und die Lebensqualit\u00e4t in der Region.<\/p>\n<p>\u00a0<\/p>\n<p><strong>Quelle<\/strong>: CDEP-SO<br \/>\n<strong>\u200bFotos<\/strong>: Keren Bisaz<\/p>\n","protected":false},"excerpt":{"rendered":"<p>Im Rahmen der beiden ersten interkantonalen Umsetzungsprogramme zur Neuen Regionalpolitik (2008\u20132011 und 2012\u20132015) konnten konkrete Strukturen und Projekte aufgebaut werden, mit denen die Qualit\u00e4t und das Spektrum der Dienstleistungen zugunsten von KMUs und innovativen Start-ups in der Westschweiz verbessert wurden. Das dritte Programm f\u00fcr die Periode 2016\u20132019, das mit einem Globalbudget von 22,78 Mio. Franken [&hellip;]<\/p>\n","protected":false},"author":1,"featured_media":0,"comment_status":"closed","ping_status":"closed","sticky":false,"template":"","format":"standard","meta":{"_acf_changed":false,"footnotes":""},"categories":[224],"tags":[],"class_list":["post-12015","post","type-post","status-publish","format-standard","hentry","category-umwelt-und-energie"],"acf":[],"_links":{"self":[{"href":"https:\/\/theark.ch\/de\/wp-json\/wp\/v2\/posts\/12015","targetHints":{"allow":["GET"]}}],"collection":[{"href":"https:\/\/theark.ch\/de\/wp-json\/wp\/v2\/posts"}],"about":[{"href":"https:\/\/theark.ch\/de\/wp-json\/wp\/v2\/types\/post"}],"author":[{"embeddable":true,"href":"https:\/\/theark.ch\/de\/wp-json\/wp\/v2\/users\/1"}],"replies":[{"embeddable":true,"href":"https:\/\/theark.ch\/de\/wp-json\/wp\/v2\/comments?post=12015"}],"version-history":[{"count":3,"href":"https:\/\/theark.ch\/de\/wp-json\/wp\/v2\/posts\/12015\/revisions"}],"predecessor-version":[{"id":38780,"href":"https:\/\/theark.ch\/de\/wp-json\/wp\/v2\/posts\/12015\/revisions\/38780"}],"wp:attachment":[{"href":"https:\/\/theark.ch\/de\/wp-json\/wp\/v2\/media?parent=12015"}],"wp:term":[{"taxonomy":"category","embeddable":true,"href":"https:\/\/theark.ch\/de\/wp-json\/wp\/v2\/categories?post=12015"},{"taxonomy":"post_tag","embeddable":true,"href":"https:\/\/theark.ch\/de\/wp-json\/wp\/v2\/tags?post=12015"}],"curies":[{"name":"wp","href":"https:\/\/api.w.org\/{rel}","templated":true}]}}