{"id":12159,"date":"2016-09-14T14:02:00","date_gmt":"2016-09-14T12:02:00","guid":{"rendered":"http:\/\/theark.ch\/lenergie-flexible-nest-pas-encore-un-nouvel-eldorado-8546\/"},"modified":"2024-09-17T18:25:10","modified_gmt":"2024-09-17T16:25:10","slug":"die-flexible-energie-ist-noch-kein-neues-eldorado-8546","status":"publish","type":"post","link":"https:\/\/theark.ch\/de\/news\/die-flexible-energie-ist-noch-kein-neues-eldorado-8546\/","title":{"rendered":"Die flexible Energie ist (noch) kein neues Eldorado"},"content":{"rendered":"<p><strong>Die flexible Energie ist eine zentrale Komponente des heutigen Energiesystems. Dennoch wird sie in dieser Zeit sehr niedriger Preise auf den Energiem\u00e4rkten nicht zu ihrem wahren Wert verg\u00fctet, so Nicolas Charton, Partner bei <a href=\"http:\/\/e-cube.com\/fr\/\" target=\"_blank\" rel=\"noopener\">E-Cube Strategy Consultants<\/a>. Sie ist also noch nicht das neue Strom-Eldorado, zumal sie sich auf einen erst noch zu schaffenden regulatorischen Rahmen st\u00fctzen muss.<\/strong><\/p>\n<p>Die Energieflexibilit\u00e4t kann viele unterschiedliche Formen annehmen: Flexibilit\u00e4t in der Speicherung, der Erzeugung oder dem Verbrauch. Auch eine sehr kurzfristige oder saisonale Flexibilit\u00e4t, eine Mono-Energie- oder Multi-Energien-Flexibilit\u00e4t, oder auch eine steigende oder fallende Flexibilit\u00e4t kommen hier in Frage. \u201eWie dem auch sei, dies ist eine Kernkomponente des Energiesystems, insbesondere angesichts der stark wachsenden Bedeutung der neuen erneuerbaren Energien und der dezentralen Stromerzeugung\u201c, erkl\u00e4rte Nicolas Charton w\u00e4hrend des 6. nationalen Thementags <a href=\"http:\/\/www.booking-corner.com\/portalCimArk\/cmsscripts\/default.aspx\" target=\"_blank\" rel=\"noopener\">Smart Energy<\/a> in Sitten.\u00a0<\/p>\n<p>Zu Beginn wurde die Flexibilit\u00e4t des Stromnetzes fast ausschliesslich \u00fcber die Wasserkraft geregelt. \u201eHeute ver\u00e4ndern sich die Gleichgewichte angesichts der stark schwankenden Produktionsmengen und werden eher lokal gebildet.\u201c Neben dieser Dezentralisierung der Gleichgewichte erm\u00f6glicht die Digitalisierung eine St\u00e4rkung der Energieflexibilit\u00e4t. Jedoch stellen die Wasserkraftwerke f\u00fcr die Schweiz ein umfangreiches Angebot dar, weshalb Exporte notwendig sind. \u201eHeute wird diese Flexibilit\u00e4t nicht verg\u00fctet. Seit 2006 ist sogar eine massive Senkung der Verg\u00fctung \u2013 auch im Energiesektor allgemein \u2013 eingetreten. Dies f\u00fchrt dazu, dass einige Unternehmen der Branche in Schwierigkeiten geraten.\u201c<\/p>\n<p>Die negativen Preise auf dem Strommarkt sind ein Beweis f\u00fcr die mangelnde Flexibilit\u00e4t des gegenw\u00e4rtigen Stromsystems. \u201eDas System kann sich nicht anpassen, es bezahlt daher f\u00fcr einen sinkenden Verbrauch.\u201c<\/p>\n<p>Die Laststeuerung, die darin besteht, auf den Verbrauch zu verzichten oder nur in einem ganz bestimmten Zeitraum Strom zu verbrauchen, gewinnt derzeit stark an Bedeutung. Von Grossverbrauchern werden verschiedene Techniken eingesetzt, z. B. die Verwendung von Dieselgeneratoren, eine flexible Temperaturanpassung in Geb\u00e4uden oder die Energiespeicherung in Granulaten in bestimmten Industriezweigen.<\/p>\n<p>\u00a0<\/p>\n<p><strong>Flexibilit\u00e4t statt Investitionen<\/strong><br \/>\nDoch die Preise bleiben ebenfalls niedrig. Der andere Aspekt, den es zu ber\u00fccksichtigen gilt, ist der regulatorische Mechanismus, der die Grundlage f\u00fcr alles im Zusammenhang mit der Flexibilit\u00e4t bildet. \u201eHeute kann man eine Speicherung auf lokaler Ebene in Erw\u00e4gung ziehen, anstatt in die Entwicklung von Verteilnetzen zu investieren. Doch die Energieversorger, die in das Netz investiert haben, wollen es rentabel machen und die gesetzlichen Rahmenbedingungen sch\u00fctzen diesen Aspekt.\u201c<\/p>\n<p>Was kann also die Schweiz tun, um die Situation im regulatorischen Bereich zu verbessern? Sie k\u00f6nnte zum Beispiel den grenz\u00fcberschreitenden Handel f\u00f6rdern, die KEV anpassen oder die Verbraucher an den Systemen teilnehmen lassen, stellt Nicolas Charton abschliessend fest.<\/p>\n<p>\n<strong>Foto<\/strong>\u00a0: photoval.ch\/Val\u00e9rie\u00a0Pinauda<br \/>\n<em>Der<\/em><em> Vortrag wurde am 8. September 2016 gehalten.<\/em><\/p>\n<p>\u00a0<\/p>\n<p>\u00a0<\/p>\n","protected":false},"excerpt":{"rendered":"<p>Die flexible Energie ist eine zentrale Komponente des heutigen Energiesystems. Dennoch wird sie in dieser Zeit sehr niedriger Preise auf den Energiem\u00e4rkten nicht zu ihrem wahren Wert verg\u00fctet, so Nicolas Charton, Partner bei E-Cube Strategy Consultants. Sie ist also noch nicht das neue Strom-Eldorado, zumal sie sich auf einen erst noch zu schaffenden regulatorischen Rahmen [&hellip;]<\/p>\n","protected":false},"author":1,"featured_media":0,"comment_status":"closed","ping_status":"closed","sticky":false,"template":"","format":"standard","meta":{"_acf_changed":false,"footnotes":""},"categories":[224],"tags":[],"class_list":["post-12159","post","type-post","status-publish","format-standard","hentry","category-umwelt-und-energie"],"acf":[],"_links":{"self":[{"href":"https:\/\/theark.ch\/de\/wp-json\/wp\/v2\/posts\/12159","targetHints":{"allow":["GET"]}}],"collection":[{"href":"https:\/\/theark.ch\/de\/wp-json\/wp\/v2\/posts"}],"about":[{"href":"https:\/\/theark.ch\/de\/wp-json\/wp\/v2\/types\/post"}],"author":[{"embeddable":true,"href":"https:\/\/theark.ch\/de\/wp-json\/wp\/v2\/users\/1"}],"replies":[{"embeddable":true,"href":"https:\/\/theark.ch\/de\/wp-json\/wp\/v2\/comments?post=12159"}],"version-history":[{"count":3,"href":"https:\/\/theark.ch\/de\/wp-json\/wp\/v2\/posts\/12159\/revisions"}],"predecessor-version":[{"id":38832,"href":"https:\/\/theark.ch\/de\/wp-json\/wp\/v2\/posts\/12159\/revisions\/38832"}],"wp:attachment":[{"href":"https:\/\/theark.ch\/de\/wp-json\/wp\/v2\/media?parent=12159"}],"wp:term":[{"taxonomy":"category","embeddable":true,"href":"https:\/\/theark.ch\/de\/wp-json\/wp\/v2\/categories?post=12159"},{"taxonomy":"post_tag","embeddable":true,"href":"https:\/\/theark.ch\/de\/wp-json\/wp\/v2\/tags?post=12159"}],"curies":[{"name":"wp","href":"https:\/\/api.w.org\/{rel}","templated":true}]}}