{"id":12495,"date":"2017-05-29T15:27:00","date_gmt":"2017-05-29T13:27:00","guid":{"rendered":"http:\/\/theark.ch\/agrofly-remporte-la-8e-edition-du-prix-createurs-bcvs-8748\/"},"modified":"2024-09-17T18:25:48","modified_gmt":"2024-09-17T16:25:48","slug":"agrofly-gewinnt-die-8-ausgabe-des-prix-createurs-wkb-8748","status":"publish","type":"post","link":"https:\/\/theark.ch\/de\/news\/agrofly-gewinnt-die-8-ausgabe-des-prix-createurs-wkb-8748\/","title":{"rendered":"AgroFly gewinnt die 8. Ausgabe des Prix Cr\u00e9ateurs WKB"},"content":{"rendered":"<p><strong>Das Start-up <a href=\"http:\/\/www.agrofly.ch\" target=\"_blank\" rel=\"noopener\">AgroFly<\/a> gewann am Mittwoch in Conthey die 8. Ausgabe des Prix Cr\u00e9ateurs WKB. Seine Drone, mit der Reben und andere landwirtschaftliche Kulturen effizient gespritzt werden k\u00f6nnen, stand in der Gunst des Publikums und erhielt 45,4 % aller Stimmen. Der Preis wurde im Beisein von mehr als 700 Personen und dem Walliser Claude Barras \u00fcberreicht. Der Regisseur des Animationsfilms \u00abMa vie de Courgette\u00bb wurde bereits mit zahlreichen, internationalen Preisen ausgezeichnet.<\/strong><\/p>\n<p>\nAgroFly erhielt CHF 10\u2018000 in bar, Coaching-Leistungen im Wert von CHF 15\u2018000 sowie einen Werbespot im Wert von CHF 5\u2018000. Das junge Unternehmen mit Sitz in Granges wurde von Fr\u00e9d\u00e9ric Hemmeler gegr\u00fcndet und will die Landwirtschaft revolutionieren. Seine Drone zum Ausstreuen, die bis zu 20 Liter an Produkten laden kann, erm\u00f6glicht eine rasche, pr\u00e4zise und \u00f6kologische Behandlung von Agrarfl\u00e4chen. AgroFly ist europaweit das erste Unternehmen, das eine amtliche Bewilligung f\u00fcr das Ausstreuen mit Dronen erhalten hat. Die kommerzielle Lancierung ist f\u00fcr 2018 geplant. Die im Rahmen des Prix Cr\u00e9ateurs WKB gewonnenen Leistungen werden zweifelsohne die Entwicklung dieses jungen Start-ups vorantreiben.<\/p>\n<p>\nNicht weniger als 45 Projekte nahmen an der Ausgabe 2017 des <a href=\"http:\/\/www.prixcreateurswkb.ch\" target=\"_blank\" rel=\"noopener\">Prix Cr\u00e9ateurs WKB<\/a> teil. Schlussendlich war es das Publikum, das zwischen den drei Finalisten FireMon (Monitoringsystem f\u00fcr Feuerwehrleute), Seyfor (Plattform zur Verwaltung und Betreuung von Fechts\u00e4len) und AgroFly entschied. \u00a0<\/p>\n<p>\n<strong>Ehrengast mit vielf\u00e4ltigen Auszeichnungen<\/strong><br \/>\nZur Preisverleihung lockte gewiss auch die Anwesenheit von Claude Barras, des Regisseurs des Animationsfilms \u00abMa vie de Courgette\u00bb, der namentlich mit zwei C\u00e9sars, drei Auszeichnungen beim Schweizer Filmpreis sowie einer Nominierung bei den Oscars ausgezeichnet wurde. Herr Barras stellte seine neuen Projekte vor und gab seine Erfahrungen im Bereich des kulturellen Unternehmertums preis. Die ca. 750 Anwesenden wussten seine sachdienlichen Ratschl\u00e4ge und Anekdoten zu sch\u00e4tzen.<\/p>\n<p>\nSeit 2007 organisiert die <a href=\"http:\/\/www.wkb.ch\" target=\"_blank\" rel=\"noopener\">Walliser Kantonalbank<\/a> gemeinsam mit <a href=\"http:\/\/www.business-valais.ch\" target=\"_blank\" rel=\"noopener\">Business Valais<\/a>, der Wirtschaftsf\u00f6rderung des Kantons Wallis, den Prix Cr\u00e9ateurs WKB. Er dient dem Zweck, den Unternehmergeist und die unternehmerische Kreativit\u00e4t im Wallis weiterzuentwickeln. Eine Auswahl ehemaliger Gewinner und Finalisten der letzten vier Ausgaben waren in Conthey im Rahmen des \u00abEspace Innovation\u00bb zugegen. Das Publikum konnte sich der Fortschritte jedes Produkts oder jeder Idee seit ihrer Wettbewerbsteilnahme bewusst werden.<\/p>\n<p><strong>Quelle<\/strong>: Pressemitteilung Prix Cr\u00e9ateurs WKB<\/p>\n<p>\u00a0<\/p>\n","protected":false},"excerpt":{"rendered":"<p>Das Start-up AgroFly gewann am Mittwoch in Conthey die 8. Ausgabe des Prix Cr\u00e9ateurs WKB. Seine Drone, mit der Reben und andere landwirtschaftliche Kulturen effizient gespritzt werden k\u00f6nnen, stand in der Gunst des Publikums und erhielt 45,4 % aller Stimmen. Der Preis wurde im Beisein von mehr als 700 Personen und dem Walliser Claude Barras [&hellip;]<\/p>\n","protected":false},"author":1,"featured_media":12492,"comment_status":"closed","ping_status":"closed","sticky":false,"template":"","format":"standard","meta":{"_acf_changed":false,"footnotes":""},"categories":[204],"tags":[],"class_list":["post-12495","post","type-post","status-publish","format-standard","has-post-thumbnail","hentry","category-digitalisierung"],"acf":[],"_links":{"self":[{"href":"https:\/\/theark.ch\/de\/wp-json\/wp\/v2\/posts\/12495","targetHints":{"allow":["GET"]}}],"collection":[{"href":"https:\/\/theark.ch\/de\/wp-json\/wp\/v2\/posts"}],"about":[{"href":"https:\/\/theark.ch\/de\/wp-json\/wp\/v2\/types\/post"}],"author":[{"embeddable":true,"href":"https:\/\/theark.ch\/de\/wp-json\/wp\/v2\/users\/1"}],"replies":[{"embeddable":true,"href":"https:\/\/theark.ch\/de\/wp-json\/wp\/v2\/comments?post=12495"}],"version-history":[{"count":3,"href":"https:\/\/theark.ch\/de\/wp-json\/wp\/v2\/posts\/12495\/revisions"}],"predecessor-version":[{"id":38962,"href":"https:\/\/theark.ch\/de\/wp-json\/wp\/v2\/posts\/12495\/revisions\/38962"}],"wp:featuredmedia":[{"embeddable":true,"href":"https:\/\/theark.ch\/de\/wp-json\/wp\/v2\/media\/12492"}],"wp:attachment":[{"href":"https:\/\/theark.ch\/de\/wp-json\/wp\/v2\/media?parent=12495"}],"wp:term":[{"taxonomy":"category","embeddable":true,"href":"https:\/\/theark.ch\/de\/wp-json\/wp\/v2\/categories?post=12495"},{"taxonomy":"post_tag","embeddable":true,"href":"https:\/\/theark.ch\/de\/wp-json\/wp\/v2\/tags?post=12495"}],"curies":[{"name":"wp","href":"https:\/\/api.w.org\/{rel}","templated":true}]}}