{"id":15345,"date":"2013-12-09T13:48:00","date_gmt":"2013-12-09T12:48:00","guid":{"rendered":"http:\/\/theark.ch\/7es-pcrd-bon-depart-des-chercheurs-suisses-552\/"},"modified":"2024-09-17T18:33:16","modified_gmt":"2024-09-17T16:33:16","slug":"schweizer-start-in-die-7-frp-der-eu-gegluckt-630","status":"publish","type":"post","link":"https:\/\/theark.ch\/de\/news\/schweizer-start-in-die-7-frp-der-eu-gegluckt-630\/","title":{"rendered":"Schweizer Start in die 7. FRP der EU gegl\u00fcckt"},"content":{"rendered":"<p>Bern, 06.12.2007 &#8211; Der stellvertretende Direktor des Staatssekretariates f\u00fcr Bildung und Forschung, Paul-Erich Zinsli, und der stellvertretende Generaldirektor der Generaldirektion Forschung der Europ\u00e4ischen Kommission, Daniel Jacob, trafen sich am Donnerstag im Rahmen des Gemischten Ausschusses zum Forschungsabkommen Schweiz-EU in Br\u00fcssel. Beide Seiten zogen eine positive Bilanz der ersten Erfahrungen mit den neuen 7. Forschungsrahmenprogrammen (FRP) der Europ\u00e4ischen Union (2007-2013).<\/p>\n<p>Das bilaterale Forschungsabkommen Schweiz &#8211; EG sieht ein j\u00e4hrliches Treffen von Verwaltungsexperten im Rahmen eines Gemischten Ausschusses vor, um die Ergebnisse zu bilanzieren und allf\u00e4llige Probleme zu besprechen. Im Zentrum des ersten Expertentreffens innerhalb des neuen 7. FRP in Br\u00fcssel standen die bisher gemachten Erfahrungen sowie die Information der Schweizer Seite \u00fcber den aktuellen Stand der in den 7. FRP neu eingef\u00fchrten Instrumenten, wie den Gemeinsamen Technologieinitiativen, die ab dem n\u00e4chsten Jahr in die operative Phase treten sollten.<\/p>\n<p>Die ersten vorliegenden, noch provisorischen Statistiken zeigen eine \u00fcberdurchschnittliche Erfolgsquote von Schweizer Forschungsinstitutionen und Unternehmen bei den ersten Ausschreibungen der 7. FRP (21,8% gegen\u00fcber 20,1% in der EU). In den ersten 30 Ausschreibungen wurden Schweizer Forschungsgruppen Projekte zugesprochen, f\u00fcr die F\u00f6rdergelder in der H\u00f6he von rund 118 Mio. Euro vorgesehen sind.<\/p>\n<p>Mehr Informationen dazu finden Sie hier unter.<\/p>\n<p>F\u00fcr mehr Informationen: <a class=\"darkblue\" href=\"OpenOtherSite.cfm?TheUrl=http%3A%2F%2Fwww%2Enews%2Eadmin%2Ech%2Fmessage%2F%3Flang%3Dfr%26msg%2Did%3D16103\" target=\"_blank\" rel=\"noopener\"><font color=\"#84609e\"><u>Links<\/u><\/font><\/a><\/p>\n","protected":false},"excerpt":{"rendered":"<p>Bern, 06.12.2007 &#8211; Der stellvertretende Direktor des Staatssekretariates f\u00fcr Bildung und Forschung, Paul-Erich Zinsli, und der stellvertretende Generaldirektor der Generaldirektion Forschung der Europ\u00e4ischen Kommission, Daniel Jacob, trafen sich am Donnerstag im Rahmen des Gemischten Ausschusses zum Forschungsabkommen Schweiz-EU in Br\u00fcssel. Beide Seiten zogen eine positive Bilanz der ersten Erfahrungen mit den neuen 7. Forschungsrahmenprogrammen (FRP) [&hellip;]<\/p>\n","protected":false},"author":1,"featured_media":0,"comment_status":"closed","ping_status":"closed","sticky":false,"template":"","format":"standard","meta":{"_acf_changed":false,"footnotes":""},"categories":[204],"tags":[],"class_list":["post-15345","post","type-post","status-publish","format-standard","hentry","category-digitalisierung"],"acf":[],"_links":{"self":[{"href":"https:\/\/theark.ch\/de\/wp-json\/wp\/v2\/posts\/15345","targetHints":{"allow":["GET"]}}],"collection":[{"href":"https:\/\/theark.ch\/de\/wp-json\/wp\/v2\/posts"}],"about":[{"href":"https:\/\/theark.ch\/de\/wp-json\/wp\/v2\/types\/post"}],"author":[{"embeddable":true,"href":"https:\/\/theark.ch\/de\/wp-json\/wp\/v2\/users\/1"}],"replies":[{"embeddable":true,"href":"https:\/\/theark.ch\/de\/wp-json\/wp\/v2\/comments?post=15345"}],"version-history":[{"count":5,"href":"https:\/\/theark.ch\/de\/wp-json\/wp\/v2\/posts\/15345\/revisions"}],"predecessor-version":[{"id":39566,"href":"https:\/\/theark.ch\/de\/wp-json\/wp\/v2\/posts\/15345\/revisions\/39566"}],"wp:attachment":[{"href":"https:\/\/theark.ch\/de\/wp-json\/wp\/v2\/media?parent=15345"}],"wp:term":[{"taxonomy":"category","embeddable":true,"href":"https:\/\/theark.ch\/de\/wp-json\/wp\/v2\/categories?post=15345"},{"taxonomy":"post_tag","embeddable":true,"href":"https:\/\/theark.ch\/de\/wp-json\/wp\/v2\/tags?post=15345"}],"curies":[{"name":"wp","href":"https:\/\/api.w.org\/{rel}","templated":true}]}}