{"id":17641,"date":"2013-12-09T13:49:00","date_gmt":"2013-12-09T12:49:00","guid":{"rendered":"http:\/\/theark.ch\/la-conjoncture-valaisanne-en-juin-2010-910\/"},"modified":"2024-09-17T18:35:30","modified_gmt":"2024-09-17T16:35:30","slug":"walliser-konjunktur-im-juni-2010-910","status":"publish","type":"post","link":"https:\/\/theark.ch\/de\/news\/walliser-konjunktur-im-juni-2010-910\/","title":{"rendered":"Walliser Konjunktur im Juni 2010"},"content":{"rendered":"<p><a href=\"http:\/\/intranet.theark.ch\/multimedia\/images\/img_sources\/2010\/09\/par_939_graphikwirtschaft_juni2010_all_de.jpg\"><\/a><\/p>\n<p><strong>Walliser Wirtschaft auch im 2. Quartal 2010 sehr dynamisch<\/strong><br \/>\nDie Ergebnisse des Walliser Konjunkturindikators lassen f\u00fcr das zweite Quartal auf einen Anstieg der regionalen Wirtschaftsleistung um rund 4.5 % gegen\u00fcber der Vorjahresperiode schliessen. Damit konnte die Dynamik des ersten Quartals (+4.9%) beibehalten werden. Im Juni 2010 d\u00fcrfte die Walliser Wirtschaft um rund 3.2 % zugelegt haben.<\/p>\n<p><strong>Nachfrage nach Walliser G\u00fctern weiterhin sehr hoch<\/strong><br \/>\nDie Nachfrage nach Walliser Exportg\u00fctern ist ungebrochen hoch. So legten die Warenausfuhren im Juni gegen\u00fcber dem Vorjahresmonat nominal um knapp 50 % zu. F\u00fcr das gesamte zweite Quartal 2010 zeigt sich gegen\u00fcber der Vorjahresperiode ein Anstieg um knapp 70 %.<br \/>\nDas herausragende Ergebnis im zweiten Quartal 2010 ist gr\u00f6sstenteils auf den massiven Zuwachs der Exporte der chemisch-pharmazeutischen Industrie, der wichtigsten Walliser Exportbranche, zur\u00fcckzuf\u00fchren (Anstieg um mehr als 112 %). Die Metallindustrie \u2013 zweitwichtigste Walliser Exportbranche \u2013 konnte im Ausland nominal rund 50 % mehr G\u00fcter absetzen als vor Jahresfrist. Der Maschinenbau, drittwichtigste Exportbranche, verzeichnete hingegen einen weiteren R\u00fcckgang: Die nominellen Ausfuhren der Warengruppe \u00abMaschinen, Apparate, Elektronik\u00bb gingen um 3.9 % zur\u00fcck.<\/p>\n<p><strong>Unterschiedliche Signale aus der Walliser Bauwirtschaft<\/strong><br \/>\nDie Baut\u00e4tigkeit im Wallis stieg im ersten Quartal 2010 im Vergleich zum Vorjahresquartal um 2.2 % an. Im Hochbau wurde eine deutliche Steigerung der Baut\u00e4tigkeit registriert, w\u00e4hrenddessen der Tiefbau einen Abschwung verzeichnen musste. F\u00fcr das zweite Quartal 2010 senden die Indikatoren unterschiedliche Signale aus. W\u00e4hrend die Bauvorhaben f\u00fcr das zweite Quartal gegen\u00fcber der Vorjahresperiode um 2.2 % zugelegt haben, deuten die Arbeitsvorr\u00e4te auf ein deutliches Minus hin (-14.3%). In beiden Bereichen d\u00fcrfte der Tiefbau mehr M\u00fche haben als der Hochbau.<\/p>\n<p><strong>Walliser Tourismus leidet unter der Euro-Schw\u00e4che<\/strong><br \/>\nDie Zahl der \u00dcbernachtungen in Walliser Hotels ging im 2. Quartal im Vergleich zur Vorjahresperiode um 3.1 % zur\u00fcck. Dies in erster Linie wegen des Nachfrageeinbruchs bei den G\u00e4sten aus Westeuropa. Besonders r\u00fcckl\u00e4ufig zeigte sich der deutsche Markt (-21.1%). Zur\u00fcckzuf\u00fchren ist dieser R\u00fcckgang nicht zuletzt auf das ung\u00fcnstige Wechselkursverh\u00e4ltnis zwischen dem Schweizer Franken und dem Euro. Erfreulicher zeigten sich die Fern- und Wachstumsm\u00e4rkte: Die Nachfrage aus den USA stieg um 11.2 %, jene aus Asien um 17.4 %.<\/p>\n<p><strong>Saisonbedingter R\u00fcckgang der Arbeitslosenquote<\/strong><br \/>\nIm Juni 2010 lag die Arbeitslosenquote im Wallis bei 3.6 %, d.h. um 0.5 % tiefer als noch im Mai. Dieser R\u00fcckgang ist rein saisonal bedingt. Die saisonbereinigte Arbeitslosenquote stieg im Juni um 0.1 % auf 4.5 % an. Im Durchschnitt des zweiten Quartals 2010 lag die saisonbereinigte Arbeitslosenquote bei 4.4 %, d.h. um 0.1 % tiefer als im ersten Quartal.\u00a0\u00a0<\/p>\n<ul>\n<li><strong>Grafik 1<\/strong>\u00a0: <a href=\"http:\/\/www.bcvs.ch\/entreprises\/pages\/PopUpShowBigImage.cfm?ImageName=Par_939_GraphikWirtschaft_juni2010_ALL_de.jpg&#038;FromParagraphe=1\" target=\"_blank\" rel=\"noopener\">WKB Wirtschaftsindikator <\/a><\/li>\n<li><strong>Grafik 2<\/strong>\u00a0: <a href=\"http:\/\/www.bcvs.ch\/entreprises\/pages\/PopUpShowBigImage.cfm?ImageName=Par_940_GraphikWirtschaftBIP_juni2010_ALL_de.jpg&#038;FromParagraphe=1\" target=\"_blank\" rel=\"noopener\">WKB Konjunkturindikator Wallis und Reales Bruttoinlandprodukt der Schweiz<\/a><\/li>\n<\/ul>\n<p><strong>Quelle <\/strong>: <a href=\"http:\/\/www.bcvs.ch\/entreprises\/index.cfm?Page=BuildPageMainIntermed&#038;MainMenuId=140&#038;SousMenuId=308&#038;Langue=de\" target=\"_blank\" rel=\"noopener\">Newsletter Walliser Kantonalbank<\/a><\/p>\n<p>\u00a0<\/p>\n","protected":false},"excerpt":{"rendered":"<p>Walliser Wirtschaft auch im 2. Quartal 2010 sehr dynamisch Die Ergebnisse des Walliser Konjunkturindikators lassen f\u00fcr das zweite Quartal auf einen Anstieg der regionalen Wirtschaftsleistung um rund 4.5 % gegen\u00fcber der Vorjahresperiode schliessen. Damit konnte die Dynamik des ersten Quartals (+4.9%) beibehalten werden. Im Juni 2010 d\u00fcrfte die Walliser Wirtschaft um rund 3.2 % zugelegt [&hellip;]<\/p>\n","protected":false},"author":1,"featured_media":0,"comment_status":"closed","ping_status":"closed","sticky":false,"template":"","format":"standard","meta":{"_acf_changed":false,"footnotes":""},"categories":[218],"tags":[],"class_list":["post-17641","post","type-post","status-publish","format-standard","hentry","category-industrie-de"],"acf":[],"_links":{"self":[{"href":"https:\/\/theark.ch\/de\/wp-json\/wp\/v2\/posts\/17641","targetHints":{"allow":["GET"]}}],"collection":[{"href":"https:\/\/theark.ch\/de\/wp-json\/wp\/v2\/posts"}],"about":[{"href":"https:\/\/theark.ch\/de\/wp-json\/wp\/v2\/types\/post"}],"author":[{"embeddable":true,"href":"https:\/\/theark.ch\/de\/wp-json\/wp\/v2\/users\/1"}],"replies":[{"embeddable":true,"href":"https:\/\/theark.ch\/de\/wp-json\/wp\/v2\/comments?post=17641"}],"version-history":[{"count":3,"href":"https:\/\/theark.ch\/de\/wp-json\/wp\/v2\/posts\/17641\/revisions"}],"predecessor-version":[{"id":39828,"href":"https:\/\/theark.ch\/de\/wp-json\/wp\/v2\/posts\/17641\/revisions\/39828"}],"wp:attachment":[{"href":"https:\/\/theark.ch\/de\/wp-json\/wp\/v2\/media?parent=17641"}],"wp:term":[{"taxonomy":"category","embeddable":true,"href":"https:\/\/theark.ch\/de\/wp-json\/wp\/v2\/categories?post=17641"},{"taxonomy":"post_tag","embeddable":true,"href":"https:\/\/theark.ch\/de\/wp-json\/wp\/v2\/tags?post=17641"}],"curies":[{"name":"wp","href":"https:\/\/api.w.org\/{rel}","templated":true}]}}