{"id":42249,"date":"2022-02-07T15:27:41","date_gmt":"2022-02-07T14:27:41","guid":{"rendered":"http:\/\/theark.ch\/news\/la-pme-valaisanne-sai-erp-change-de-mains\/"},"modified":"2024-11-21T17:51:21","modified_gmt":"2024-11-21T16:51:21","slug":"la-pme-valaisanne-sai-erp-change-de-mains","status":"publish","type":"post","link":"https:\/\/theark.ch\/de\/news\/la-pme-valaisanne-sai-erp-change-de-mains\/","title":{"rendered":"Walliser Unternehmen SAI ERP in neuen H\u00e4nden"},"content":{"rendered":"<p style=\"text-align: justify;\"><strong>Das in Martinach ans\u00e4ssige und im Bereich Wirtschaftsinformatik t\u00e4tige KMU SAI ERP wechselt den Besitzer. Nach vier Jahrzehnten legt Marc Sahy seine Funktionen als CEO, Verwalter und Mehrheitsaktion\u00e4r nieder. Er \u00fcbertr\u00e4gt seine Anteile an die drei Mitaktion\u00e4re C\u00e9dric Tabin, R\u00e9mi Bloch und Didier Waldmeyer. Marc Sahys Sohn Fran\u00e7ois, Mitgr\u00fcnder von SAI ERP, beh\u00e4lt einige Anteile am Unternehmen und bleibt als Berater t\u00e4tig. Die Zukunft des Unternehmens ist damit gesichert.<\/strong><\/p>\n<p style=\"text-align: justify;\">In den n\u00e4chsten zwei Jahren werde Marc Sahy weiterhin f\u00fcr das Unternehmen t\u00e4tig sein, um die Weitergabe seines Know-hows abzuschliessen, k\u00fcndigte <a href=\"https:\/\/sai-erp.net\/home\/\" target=\"_blank\" rel=\"noopener\">SAI ERP<\/a> in einer Medienmitteilung an. Das Unternehmen unterst\u00fctzt jeden Tag Tausende von Anwendern im Berufsalltag, in der Finanzverwaltung und im Personalwesen. Seine ERP-L\u00f6sung wird vor allem in den Bereichen Soziales (Institutionen f\u00fcr Menschen mit Behinderungen und in der beruflichen Wiedereingliederung), Kleinkindbetreuung (Vorschule, schulerg\u00e4nzende Betreuung und Tagesfamilienbetreuung) und Immobilien (Immobilienverwaltung und Bau\u00fcberwachung) angewendet.<\/p>\n<p style=\"text-align: justify;\">\u00a0<\/p>\n<p style=\"text-align: justify;\"><strong>Konsolidierung der Marktanteile<\/strong><\/p>\n<p style=\"text-align: justify;\">Auf organisatorischer Ebene tritt Didier Waldmeyer als CEO die Nachfolge von Marc Sahy an. Er trat 2019 ins Unternehmen ein, nachdem er sein auf neue Technologien f\u00fcr visuelle Darstellung spezialisiertes Unternehmen verkauft hatte. Die beiden anderen Gesellschafter, C\u00e9dric Tabin und R\u00e9mi Bloch, arbeiten seit fast 10 Jahren bei SAI ERP. Sie sind Chief Technical Officer beziehungsweise Chief Product Owner. Mit ihrem Team sind sie die H\u00fcter der Software. Sie pflegen und entwickeln die L\u00f6sung technologisch weiter, konsolidieren und bringen neue Funktionen in jedes Produkt.<\/p>\n<p style=\"text-align: justify;\">Die Ziele f\u00fcr SAI ERP sind simpel: weiterhin auf die Bed\u00fcrfnisse der Kunden eingehen, indem man ihnen zuh\u00f6rt, und das Kompetenzniveau der Benutzerinnen und Benutzer durch Schulungszyklen erh\u00f6hen. Aus kommerzieller Sicht wird es darum gehen, die Marktanteile im Bereich der Kleinkinderbetreuung zu konsolidieren, auf staatliche Ausschreibungen im Bereich der Sozialarbeit zu reagieren und mit der Vermarktung des Produkts \u00abImmobilienverwaltung\u00bb zu beginnen.<\/p>\n<p>\u00a0<\/p>\n<p><strong>Weitere Informationen zum Unternehmen:<\/strong> <a href=\"https:\/\/sai-erp.net\/home\/\" target=\"_blank\" rel=\"noopener\">www.sai-erp.net<\/a><\/p>\n<p><strong>Quelle und Bildnachweis: <\/strong>SAI ERP<\/p>\n<p>\u00a0<\/p>\n","protected":false},"excerpt":{"rendered":"<p>Das in Martinach ans\u00e4ssige und im Bereich Wirtschaftsinformatik t\u00e4tige KMU SAI ERP wechselt den Besitzer. Nach vier Jahrzehnten legt Marc Sahy seine Funktionen als CEO, Verwalter und Mehrheitsaktion\u00e4r nieder. Er \u00fcbertr\u00e4gt seine Anteile an die drei Mitaktion\u00e4re C\u00e9dric Tabin, R\u00e9mi Bloch und Didier Waldmeyer. Marc Sahys Sohn Fran\u00e7ois, Mitgr\u00fcnder von SAI ERP, beh\u00e4lt einige Anteile [&hellip;]<\/p>\n","protected":false},"author":1,"featured_media":42248,"comment_status":"closed","ping_status":"closed","sticky":false,"template":"","format":"standard","meta":{"_acf_changed":false,"footnotes":""},"categories":[204],"tags":[],"class_list":["post-42249","post","type-post","status-publish","format-standard","has-post-thumbnail","hentry","category-digitalisierung"],"acf":[],"_links":{"self":[{"href":"https:\/\/theark.ch\/de\/wp-json\/wp\/v2\/posts\/42249","targetHints":{"allow":["GET"]}}],"collection":[{"href":"https:\/\/theark.ch\/de\/wp-json\/wp\/v2\/posts"}],"about":[{"href":"https:\/\/theark.ch\/de\/wp-json\/wp\/v2\/types\/post"}],"author":[{"embeddable":true,"href":"https:\/\/theark.ch\/de\/wp-json\/wp\/v2\/users\/1"}],"replies":[{"embeddable":true,"href":"https:\/\/theark.ch\/de\/wp-json\/wp\/v2\/comments?post=42249"}],"version-history":[{"count":1,"href":"https:\/\/theark.ch\/de\/wp-json\/wp\/v2\/posts\/42249\/revisions"}],"predecessor-version":[{"id":42250,"href":"https:\/\/theark.ch\/de\/wp-json\/wp\/v2\/posts\/42249\/revisions\/42250"}],"wp:featuredmedia":[{"embeddable":true,"href":"https:\/\/theark.ch\/de\/wp-json\/wp\/v2\/media\/42248"}],"wp:attachment":[{"href":"https:\/\/theark.ch\/de\/wp-json\/wp\/v2\/media?parent=42249"}],"wp:term":[{"taxonomy":"category","embeddable":true,"href":"https:\/\/theark.ch\/de\/wp-json\/wp\/v2\/categories?post=42249"},{"taxonomy":"post_tag","embeddable":true,"href":"https:\/\/theark.ch\/de\/wp-json\/wp\/v2\/tags?post=42249"}],"curies":[{"name":"wp","href":"https:\/\/api.w.org\/{rel}","templated":true}]}}