{"id":42287,"date":"2022-02-17T11:14:38","date_gmt":"2022-02-17T10:14:38","guid":{"rendered":"http:\/\/theark.ch\/news\/in-gondo-soll-grosste-pv-anlage-der-schweiz-entstehen\/"},"modified":"2022-02-17T11:14:38","modified_gmt":"2022-02-17T09:14:38","slug":"in-gondo-soll-grosste-pv-anlage-der-schweiz-entstehen","status":"publish","type":"post","link":"https:\/\/theark.ch\/de\/news\/in-gondo-soll-grosste-pv-anlage-der-schweiz-entstehen\/","title":{"rendered":"In Gondo soll gr\u00f6sste PV-Anlage der Schweiz entstehen"},"content":{"rendered":"<p><strong>Oberhalb Gondo ist die gr\u00f6sste Photovoltaikanlage der Schweiz geplant. Dank ihrer Lage auf \u00fcber 2000 Metern \u00fcber Meer soll sie j\u00e4hrlich rund 23,3 Millionen Kilowattstunden Strom produzieren \u2013 mehr als die H\u00e4lfte davon im Winterhalbjahr.<\/strong><\/p>\n<p>Auf einer Fl\u00e4che von rund 100&#39;000 Quadratmetern sollen 4500 sogenannte bifaziale Solar-Elemente (beidseitig aktive Module) installiert werden. Mit einer Leistung von insgesamt 18 Megawatt wird Gondosolar, so informieren die Initianten in einer Mitteilung, den durchschnittlichen Bedarf von mindestens 5200 Haushalten decken. Investitionen in der H\u00f6he von rund 42 Millionen Franken sind geplant.<\/p>\n<p>\u00a0<\/p>\n<p><strong>Drei Jahre Bauzeit<\/strong><\/p>\n<p><a href=\"https:\/\/www.gondosolar.ch\/\" target=\"_blank\" rel=\"noopener\">Gondosolar<\/a> ist ein Gemeinschaftsprojekt der Gemeinde Gondo-Zwischbergen, der lokalen Kraftwerks- und Netzbetreiberin Energie Electrique du Simplon (EES) und dem Projektinitianten Renato Jordan, dem das Bauland geh\u00f6rt. Alpiq ist den Angaben zufolge Hauptaktion\u00e4rin (rund 82 Prozent) und leitet das Projekt. Weitere Partner unterst\u00fctzen das Vorhaben, so etwa die Z\u00fcrcher Hochschule f\u00fcr Angewandte Wissenschaften (ZHAW).<\/p>\n<p>Sobald das Bewilligungsverfahren abgeschlossen ist und die F\u00f6rderzusage des Bundes vorliegt, k\u00f6nnte das Projekt Gondosolar innerhalb von drei Jahren gebaut und in Betrieb genommen werden. Ein Betrieb, der laut den Initianten nicht nur \u00f6kologisch und technisch Sinn ergebe, sondern auch wirtschaftlich sei. Gondosolar k\u00f6nne zu einem Vorzeigeprojekt f\u00fcr die Energiewende werden, mit Ausstrahlung \u00fcber die Landesgrenzen hinaus.<\/p>\n<p>\u00a0<\/p>\n<p><strong>Quelle<\/strong>: Medienmitteilung Gondosolar<\/p>\n<p><strong>Fotokredit<\/strong><strong> <\/strong>: <a href=\"https:\/\/unsplash.com\/@markusspiske?utm_source=unsplash&#038;utm_medium=referral&#038;utm_content=creditCopyText\" target=\"_blank\" rel=\"noopener\">Markus Spiske<\/a> on <a href=\"https:\/\/unsplash.com\/s\/photos\/photovoltaic-system?utm_source=unsplash&#038;utm_medium=referral&#038;utm_content=creditCopyText\" target=\"_blank\" rel=\"noopener\">Unsplash<\/a><\/p>\n","protected":false},"excerpt":{"rendered":"<p>Oberhalb Gondo ist die gr\u00f6sste Photovoltaikanlage der Schweiz geplant. Dank ihrer Lage auf \u00fcber 2000 Metern \u00fcber Meer soll sie j\u00e4hrlich rund 23,3 Millionen Kilowattstunden Strom produzieren \u2013 mehr als die H\u00e4lfte davon im Winterhalbjahr. Auf einer Fl\u00e4che von rund 100&#39;000 Quadratmetern sollen 4500 sogenannte bifaziale Solar-Elemente (beidseitig aktive Module) installiert werden. Mit einer Leistung [&hellip;]<\/p>\n","protected":false},"author":1,"featured_media":42288,"comment_status":"closed","ping_status":"closed","sticky":false,"template":"","format":"standard","meta":{"_acf_changed":false,"footnotes":""},"categories":[204],"tags":[],"class_list":["post-42287","post","type-post","status-publish","format-standard","has-post-thumbnail","hentry","category-digitalisierung"],"acf":[],"_links":{"self":[{"href":"https:\/\/theark.ch\/de\/wp-json\/wp\/v2\/posts\/42287","targetHints":{"allow":["GET"]}}],"collection":[{"href":"https:\/\/theark.ch\/de\/wp-json\/wp\/v2\/posts"}],"about":[{"href":"https:\/\/theark.ch\/de\/wp-json\/wp\/v2\/types\/post"}],"author":[{"embeddable":true,"href":"https:\/\/theark.ch\/de\/wp-json\/wp\/v2\/users\/1"}],"replies":[{"embeddable":true,"href":"https:\/\/theark.ch\/de\/wp-json\/wp\/v2\/comments?post=42287"}],"version-history":[{"count":0,"href":"https:\/\/theark.ch\/de\/wp-json\/wp\/v2\/posts\/42287\/revisions"}],"wp:featuredmedia":[{"embeddable":true,"href":"https:\/\/theark.ch\/de\/wp-json\/wp\/v2\/media\/42288"}],"wp:attachment":[{"href":"https:\/\/theark.ch\/de\/wp-json\/wp\/v2\/media?parent=42287"}],"wp:term":[{"taxonomy":"category","embeddable":true,"href":"https:\/\/theark.ch\/de\/wp-json\/wp\/v2\/categories?post=42287"},{"taxonomy":"post_tag","embeddable":true,"href":"https:\/\/theark.ch\/de\/wp-json\/wp\/v2\/tags?post=42287"}],"curies":[{"name":"wp","href":"https:\/\/api.w.org\/{rel}","templated":true}]}}