{"id":42291,"date":"2022-02-21T09:36:33","date_gmt":"2022-02-21T08:36:33","guid":{"rendered":"http:\/\/theark.ch\/news\/novelis-will-werk-in-siders-klimaneutral-machen\/"},"modified":"2022-02-21T09:36:33","modified_gmt":"2022-02-21T07:36:33","slug":"novelis-will-werk-in-siders-klimaneutral-machen","status":"publish","type":"post","link":"https:\/\/theark.ch\/de\/news\/novelis-will-werk-in-siders-klimaneutral-machen\/","title":{"rendered":"Novelis will Werk in Siders klimaneutral machen"},"content":{"rendered":"<p><strong>Am Novelis-Standort in Siders entsteht ein Forschungs- und Entwicklungslabor mit dem Namen \u00abNet Zero Lab\u00bb. Es soll eine klimaneutrale Produktion im Werk bis ins Jahr 2030 m\u00f6glich machen.<\/strong><\/p>\n<p>Novelis, der Weltmarktf\u00fchrer im Bereich Walzen und Recyceln von Aluminium, hat Mitte Februar eine Vereinbarung f\u00fcr den Aufbau eines Forschungs- und Entwicklungslabor (F&#038;E) zur F\u00f6rderung CO2-neutraler L\u00f6sungen im Bereich der Aluminiumverarbeitung unterzeichnet. Daf\u00fcr will das Unternehmen l\u00e4ngerfristig mit HES-SO Valais-Wallis, dem Energypolis Campus und dem Energieversorger Oiken zusammenarbeiten.<\/p>\n<p>Das Labor mit dem Namen \u00abNet Zero Lab Valais\u00bb wird am Novelis-Standort in Siders eingerichtet. Ein Standort, der durch seine N\u00e4he zu erneuerbaren Energien und etablierten Forschungsinstitutionen ideal f\u00fcr die Umsetzung der geplanten Initiative geeignet ist. Die Arbeit des Labors wird sich darauf konzentrieren, innovative L\u00f6sungen zu finden und umzusetzen, mit denen der CO2-Fussabdruck der Produktion von Novelis und auch der benachbarten Gemeinden neutralisiert werden kann.\u00a0<\/p>\n<p><\/p>\n<p><strong>F\u00fcr Novelis eine Verpflichtung<\/strong><\/p>\n<p>Ziel ist die CO2-Neutralit\u00e4t des Werks bis ins Jahr 2030. \u00abAls Branchenf\u00fchrer und weltweit gr\u00f6sstes Recyclingunternehmen f\u00fcr Aluminium haben wir uns dazu verpflichtet, bis 2050 oder fr\u00fcher CO2-neutral zu werden\u00bb, sagt Pierre Labat, Senior Vice President und Chief Strategy and Sustainability Officer bei Novelis. \u00abMit dieser Zusammenarbeit unterstreichen wir diese Verpflichtung. Wir wollen mit unserer Forschung weitere Innovationen entwickeln, die uns bei unserem Vorhaben, gemeinsam eine nachhaltige Welt zu gestalten, vorw\u00e4rtsbringen.\u00bb<\/p>\n<p>\u00abWir freuen uns \u00fcber den Start dieses Labors f\u00fcr angewandte Forschung und darauf, L\u00f6sungen f\u00fcr die Reduzierung der CO2-Emissionen in der Aluminiumbranche zu finden\u00bb, erkl\u00e4rt Fran\u00e7ois Seppey, Direktor der HES-SO Valais-Wallis. Er sagt weiter: \u00abNachhaltige Entwicklung steht im Zentrum unserer Strategie. Die Kompetenzen in unserem Forschungsinstitut Energie und Umwelt passen perfekt zu den Herausforderungen dieser Zusammenarbeit mit Novelis.\u00bb<\/p>\n<p><\/p>\n<p><strong>Quelle<\/strong>: HES-SO Valais-Wallis<\/p>\n<p><strong>Photo<\/strong> by <a href=\"https:\/\/unsplash.com\/@martfoto1?utm_source=unsplash&#038;utm_medium=referral&#038;utm_content=creditCopyText\" target=\"_blank\" rel=\"noopener\">Martin Woortman<\/a> on <a href=\"https:\/\/unsplash.com\/s\/photos\/aluminium?utm_source=unsplash&#038;utm_medium=referral&#038;utm_content=creditCopyText\" target=\"_blank\" rel=\"noopener\">Unsplash<\/a><\/p>\n<p>\u00a0<\/p>\n","protected":false},"excerpt":{"rendered":"<p>Am Novelis-Standort in Siders entsteht ein Forschungs- und Entwicklungslabor mit dem Namen \u00abNet Zero Lab\u00bb. Es soll eine klimaneutrale Produktion im Werk bis ins Jahr 2030 m\u00f6glich machen. Novelis, der Weltmarktf\u00fchrer im Bereich Walzen und Recyceln von Aluminium, hat Mitte Februar eine Vereinbarung f\u00fcr den Aufbau eines Forschungs- und Entwicklungslabor (F&#038;E) zur F\u00f6rderung CO2-neutraler L\u00f6sungen [&hellip;]<\/p>\n","protected":false},"author":1,"featured_media":42292,"comment_status":"closed","ping_status":"closed","sticky":false,"template":"","format":"standard","meta":{"_acf_changed":false,"footnotes":""},"categories":[204],"tags":[],"class_list":["post-42291","post","type-post","status-publish","format-standard","has-post-thumbnail","hentry","category-digitalisierung"],"acf":[],"_links":{"self":[{"href":"https:\/\/theark.ch\/de\/wp-json\/wp\/v2\/posts\/42291","targetHints":{"allow":["GET"]}}],"collection":[{"href":"https:\/\/theark.ch\/de\/wp-json\/wp\/v2\/posts"}],"about":[{"href":"https:\/\/theark.ch\/de\/wp-json\/wp\/v2\/types\/post"}],"author":[{"embeddable":true,"href":"https:\/\/theark.ch\/de\/wp-json\/wp\/v2\/users\/1"}],"replies":[{"embeddable":true,"href":"https:\/\/theark.ch\/de\/wp-json\/wp\/v2\/comments?post=42291"}],"version-history":[{"count":0,"href":"https:\/\/theark.ch\/de\/wp-json\/wp\/v2\/posts\/42291\/revisions"}],"wp:featuredmedia":[{"embeddable":true,"href":"https:\/\/theark.ch\/de\/wp-json\/wp\/v2\/media\/42292"}],"wp:attachment":[{"href":"https:\/\/theark.ch\/de\/wp-json\/wp\/v2\/media?parent=42291"}],"wp:term":[{"taxonomy":"category","embeddable":true,"href":"https:\/\/theark.ch\/de\/wp-json\/wp\/v2\/categories?post=42291"},{"taxonomy":"post_tag","embeddable":true,"href":"https:\/\/theark.ch\/de\/wp-json\/wp\/v2\/tags?post=42291"}],"curies":[{"name":"wp","href":"https:\/\/api.w.org\/{rel}","templated":true}]}}