{"id":42571,"date":"2022-06-23T18:06:40","date_gmt":"2022-06-23T16:06:40","guid":{"rendered":"http:\/\/theark.ch\/news\/nouveau-site-web-pour-le-swiss-digital-center-une-vitrine-de-la-digitalisation-en-valais\/"},"modified":"2024-11-21T17:56:36","modified_gmt":"2024-11-21T16:56:36","slug":"nouveau-site-web-pour-le-swiss-digital-center-une-vitrine-de-la-digitalisation-en-valais","status":"publish","type":"post","link":"https:\/\/theark.ch\/de\/news\/nouveau-site-web-pour-le-swiss-digital-center-une-vitrine-de-la-digitalisation-en-valais\/","title":{"rendered":"Neue Website f\u00fcr das Swiss Digital Center: Schaufenster der Digitalisierung im Wallis!"},"content":{"rendered":"<p><strong>Das <a href=\"https:\/\/swissdigitalcenter.ch\/de\/\" target=\"_blank\" rel=\"noopener\">Swiss Digital Center<\/a> repr\u00e4sentiert die Strategie des Kantons Wallis rund um die Digitalisierung. Um die Richtung deutlich zu machen, wurde die Website des Centers komplett umgestaltet. Sie entspricht ab sofort den CI-Vorgaben der Marke Wallis. Das neue Design macht deutlich, dass das Swiss Digital Center in Siders ans\u00e4ssig ist, vor allem aber, dass seine Leistungen im gesamten Kanton verwurzelt und verf\u00fcgbar sind. Die Website soll als Informationsquelle rund um das Thema Digitalisierung dienen.<\/strong><\/p>\n<p>Im Februar 2021 haben der Kanton Wallis, die Stadt Siders, die Stiftung The Ark, Techno-P\u00f4le Sierre SA und die HES-SO Valais-Wallis einen Partnerschaftsvertrag unterzeichnet und ihre Kompetenzen im Swiss Digital Center geb\u00fcndelt. Ziel ist es, die Bereiche Bildung, Forschung und Wirtschaft zusammenzubringen, um die Herausforderungen der digitalen Transformation zu bew\u00e4ltigen. Diesem Ziel tr\u00e4gt die neue Website des <a href=\"https:\/\/swissdigitalcenter.ch\/de\/\" target=\"_blank\" rel=\"noopener\">Swiss Digital Center<\/a> Rechnung.<\/p>\n<p><strong>Eine Quelle der Information<\/strong><\/p>\n<p>Der Inhalt der Website wurde von Grund auf \u00fcberarbeitet. Im Mittelpunkt stehen dabei der Standort Siders und die f\u00fcr Unternehmen angebotenen Dienstleistungen, aber auch News rund um die Digitalisierung in den Bereichen Wirtschaft, Bildung und Forschung im Kanton Wallis. Zudem werden Erfolgsgeschichten vorgestellt, genau wie die wichtigsten digitalen Initiativen, die derzeit im Wallis entstehen. Auf diese Weise soll das Swiss Digital Center \u00fcber die Kantonsgrenzen hinaus bekannt gemacht werden. Gleichzeitig dient die Website der Pr\u00e4sentation des im Kanton Wallis (und in der Stadt Siders) geb\u00fcndelten Know-hows in Sachen Digitalisierung.<\/p>\n<p>Sie steht allen Unternehmen, Forschungs- und Bildungsinstituten zur Verf\u00fcgung, die News und Informationen rund um das Thema Digitalisierung zu teilen haben. Wenden Sie sich dazu gern an info@swissdigitalcenter.ch<\/a>.<\/p>\n<p><\/p>\n<p><strong>Quelle und Bild<\/strong>: Swiss Digital Center<\/p>\n<p>\u00a0<\/p>\n","protected":false},"excerpt":{"rendered":"<p>Das Swiss Digital Center repr\u00e4sentiert die Strategie des Kantons Wallis rund um die Digitalisierung. Um die Richtung deutlich zu machen, wurde die Website des Centers komplett umgestaltet. Sie entspricht ab sofort den CI-Vorgaben der Marke Wallis. Das neue Design macht deutlich, dass das Swiss Digital Center in Siders ans\u00e4ssig ist, vor allem aber, dass seine [&hellip;]<\/p>\n","protected":false},"author":1,"featured_media":42570,"comment_status":"closed","ping_status":"closed","sticky":false,"template":"","format":"standard","meta":{"_acf_changed":false,"footnotes":""},"categories":[186],"tags":[],"class_list":["post-42571","post","type-post","status-publish","format-standard","has-post-thumbnail","hentry","category-digital"],"acf":[],"_links":{"self":[{"href":"https:\/\/theark.ch\/de\/wp-json\/wp\/v2\/posts\/42571","targetHints":{"allow":["GET"]}}],"collection":[{"href":"https:\/\/theark.ch\/de\/wp-json\/wp\/v2\/posts"}],"about":[{"href":"https:\/\/theark.ch\/de\/wp-json\/wp\/v2\/types\/post"}],"author":[{"embeddable":true,"href":"https:\/\/theark.ch\/de\/wp-json\/wp\/v2\/users\/1"}],"replies":[{"embeddable":true,"href":"https:\/\/theark.ch\/de\/wp-json\/wp\/v2\/comments?post=42571"}],"version-history":[{"count":1,"href":"https:\/\/theark.ch\/de\/wp-json\/wp\/v2\/posts\/42571\/revisions"}],"predecessor-version":[{"id":42572,"href":"https:\/\/theark.ch\/de\/wp-json\/wp\/v2\/posts\/42571\/revisions\/42572"}],"wp:featuredmedia":[{"embeddable":true,"href":"https:\/\/theark.ch\/de\/wp-json\/wp\/v2\/media\/42570"}],"wp:attachment":[{"href":"https:\/\/theark.ch\/de\/wp-json\/wp\/v2\/media?parent=42571"}],"wp:term":[{"taxonomy":"category","embeddable":true,"href":"https:\/\/theark.ch\/de\/wp-json\/wp\/v2\/categories?post=42571"},{"taxonomy":"post_tag","embeddable":true,"href":"https:\/\/theark.ch\/de\/wp-json\/wp\/v2\/tags?post=42571"}],"curies":[{"name":"wp","href":"https:\/\/api.w.org\/{rel}","templated":true}]}}