{"id":42573,"date":"2022-06-27T11:38:27","date_gmt":"2022-06-27T09:38:27","guid":{"rendered":"http:\/\/theark.ch\/news\/ten23-health-expandiert-in-visp\/"},"modified":"2022-06-27T11:38:27","modified_gmt":"2022-06-27T09:38:27","slug":"ten23-health-expandiert-in-visp","status":"publish","type":"post","link":"https:\/\/theark.ch\/de\/news\/ten23-health-expandiert-in-visp\/","title":{"rendered":"ten23 health expandiert in Visp"},"content":{"rendered":"<p><strong>Gute Nachrichten f\u00fcr den Standort Visp: Das Unternehmen <a href=\"https:\/\/www.ten23.health\/\" target=\"_blank\" rel=\"noopener\">ten23 health<\/a> plant, in Visp West eine 5000 Quadratmeter grosse Produktionsst\u00e4tte zu errichten. \u00dcber 100 zus\u00e4tzliche Stellen sollen geschaffen werden.<\/strong><\/p>\n<p>Im Oktober 2021 hat ten23 health die Anlagen der Swissfillon in Visp \u00fcbernommen, um dort seine Produktionsst\u00e4tte einzurichten. Nach einer ersten Ank\u00fcndigung im M\u00e4rz 2022, die R\u00e4umlichkeiten um 1000 Quadratmeter erweitern zu wollen, hat das Unternehmen nun mitgeteilt, in Visp West eine weitere Anlage von rund 5000 Quadratmetern zu bauen. Auf vier Stockwerken sollen sterile Produktionslinien sowie Labors, B\u00fcros und technische Bereiche entstehen.<\/p>\n<p>Ten23 geht davon aus, dass die Bauarbeiten bereits bis zum Sommer dieses Jahres abgeschlossen sein werden und die Produktionsst\u00e4tte im kommenden Jahr in Betrieb genommen werden kann. Das Projekt werde, wie es in der Mitteilung des Unternehmens weiter heisst, rund 100 Arbeitspl\u00e4tze schaffen und solle eine zus\u00e4tzliche j\u00e4hrliche Abf\u00fcllkapazit\u00e4t von rund 30 Millionen St\u00fcck m\u00f6glich machen.\u00a0<\/p>\n<p>Im neuen Werk sind insgesamt zwei Produktionslinien vorgesehen, die in Synergie mit der bestehenden Anlage in Visp sowie der Entwicklungs- und Pr\u00fcfdienste f\u00fcr sterile Produkte am Hauptsitz in Basel laufen sollen. ten23 health unterst\u00fctzt. Mit der \u00dcbernahme der Swissfillon AG im Herbst 2021 hat das Unternehmen, das seine Kunden bei der Entwicklung differenzierter, stabiler, anwendbarer und sicherer injizierbarer Behandlungen f\u00fcr Patienten unterst\u00fctzt, in Visp Fuss gefasst.\u00a0<\/p>\n<p><\/p>\n<p><strong>Quelle<\/strong>: Pressemitteilung ten23 health<\/p>\n<p><strong>Bild <\/strong>: 3i.com<\/p>\n<p>\u00a0<\/p>\n","protected":false},"excerpt":{"rendered":"<p>Gute Nachrichten f\u00fcr den Standort Visp: Das Unternehmen ten23 health plant, in Visp West eine 5000 Quadratmeter grosse Produktionsst\u00e4tte zu errichten. \u00dcber 100 zus\u00e4tzliche Stellen sollen geschaffen werden. Im Oktober 2021 hat ten23 health die Anlagen der Swissfillon in Visp \u00fcbernommen, um dort seine Produktionsst\u00e4tte einzurichten. Nach einer ersten Ank\u00fcndigung im M\u00e4rz 2022, die R\u00e4umlichkeiten [&hellip;]<\/p>\n","protected":false},"author":1,"featured_media":42574,"comment_status":"closed","ping_status":"closed","sticky":false,"template":"","format":"standard","meta":{"_acf_changed":false,"footnotes":""},"categories":[204],"tags":[],"class_list":["post-42573","post","type-post","status-publish","format-standard","has-post-thumbnail","hentry","category-digitalisierung"],"acf":[],"_links":{"self":[{"href":"https:\/\/theark.ch\/de\/wp-json\/wp\/v2\/posts\/42573","targetHints":{"allow":["GET"]}}],"collection":[{"href":"https:\/\/theark.ch\/de\/wp-json\/wp\/v2\/posts"}],"about":[{"href":"https:\/\/theark.ch\/de\/wp-json\/wp\/v2\/types\/post"}],"author":[{"embeddable":true,"href":"https:\/\/theark.ch\/de\/wp-json\/wp\/v2\/users\/1"}],"replies":[{"embeddable":true,"href":"https:\/\/theark.ch\/de\/wp-json\/wp\/v2\/comments?post=42573"}],"version-history":[{"count":0,"href":"https:\/\/theark.ch\/de\/wp-json\/wp\/v2\/posts\/42573\/revisions"}],"wp:featuredmedia":[{"embeddable":true,"href":"https:\/\/theark.ch\/de\/wp-json\/wp\/v2\/media\/42574"}],"wp:attachment":[{"href":"https:\/\/theark.ch\/de\/wp-json\/wp\/v2\/media?parent=42573"}],"wp:term":[{"taxonomy":"category","embeddable":true,"href":"https:\/\/theark.ch\/de\/wp-json\/wp\/v2\/categories?post=42573"},{"taxonomy":"post_tag","embeddable":true,"href":"https:\/\/theark.ch\/de\/wp-json\/wp\/v2\/tags?post=42573"}],"curies":[{"name":"wp","href":"https:\/\/api.w.org\/{rel}","templated":true}]}}