{"id":42729,"date":"2022-09-09T11:31:09","date_gmt":"2022-09-09T09:31:09","guid":{"rendered":"http:\/\/theark.ch\/news\/neue-impulse-fur-die-walliser-bergregionen\/"},"modified":"2022-09-09T11:31:09","modified_gmt":"2022-09-09T09:31:09","slug":"neue-impulse-fur-die-walliser-bergregionen","status":"publish","type":"post","link":"https:\/\/theark.ch\/de\/news\/neue-impulse-fur-die-walliser-bergregionen\/","title":{"rendered":"Neue Impulse f\u00fcr die Walliser Bergregionen"},"content":{"rendered":"<p><strong>Der mit 40\u2019000 Franken dotierte <a href=\"https:\/\/www.prixmontagne.ch\/\" target=\"_blank\" rel=\"noopener\">Prix Montagne<\/a> geht dieses Jahr an das \u00abPalp Festival et Village\u00bb im Unterwallis. Mit Konzerten, Ausstellungen und kulinarischen Anl\u00e4ssen l\u00e4sst das 14-k\u00f6pfige Team des Festivals die Traditionen und das kulturelle Erbe der Berggebiete wieder aufleben, begr\u00fcnden die Schweizerische Arbeitsgemeinschaft f\u00fcr Berggebiete (SAB) und die Schweizer Berghilfe ihre Wahl.<\/strong><\/p>\n<p>Das Palp Festival lockt j\u00e4hrlich \u00fcber 35\u2019000 Besucherinnen und Besucher an verschiedene symboltr\u00e4chtige Orte im Unterwallis. Zum Beispiel zum Lac du Luch\u00e9 im Bergdorf Lens, wo man auf einem zum Wohnzimmer umfunktionierten Floss einem Konzert lauschen kann. Oder auf die Berge im Val de Bagnes, wo in luftiger H\u00f6he die Veranstaltung \u00abRocklette\u00bb die Tradition des Raclettes mit Rockmusik verbindet.<\/p>\n<p>Dadurch bringt das Palp Festival wichtige neue Impulse in die Walliser Bergregionen. F\u00fcr Eric Bianco, Leiter Dienststelle f\u00fcr Wirtschaft, Tourismus und Innovation beim Kanton Wallis, von wichtiger Bedeutung: \u00abPalp Festival und Village bringen wertvolle kulturelle Anl\u00e4sse in die Berggebiete und zeigen, dass man auch in Randregionen eine Wertsch\u00f6pfung erzielen kann\u00bb.<\/p>\n<p><\/p>\n<p><strong>54 Projekte eingereicht<\/strong><\/p>\n<p>Bereits zum zw\u00f6lften Mal zeichneten SAB und die Schweizer Berghilfe wirtschaftlich erfolgreiche Projekte und Unternehmen aus dem Berggebiet aus, wie es weiter hiess. Diese Projekte leisteten einen Beitrag zur Wertsch\u00f6pfung, zur Besch\u00e4ftigung oder zu \u00f6konomischer Vielfalt. Beim Prix-Montagne-Jahrgang 2022 wurden insgesamt 54 Projekte aus allen Landesteilen der Schweiz eingereicht. \u00a0<\/p>\n<p><\/p>\n<p><strong>Quelle und Bild\u00a0<\/strong>: <a href=\"http:\/\/www.prixmontagne.ch\" target=\"_blank\" rel=\"noopener\">www.prixmontagne.ch<\/a><\/p>\n<p>\u00a0<\/p>\n","protected":false},"excerpt":{"rendered":"<p>Der mit 40\u2019000 Franken dotierte Prix Montagne geht dieses Jahr an das \u00abPalp Festival et Village\u00bb im Unterwallis. Mit Konzerten, Ausstellungen und kulinarischen Anl\u00e4ssen l\u00e4sst das 14-k\u00f6pfige Team des Festivals die Traditionen und das kulturelle Erbe der Berggebiete wieder aufleben, begr\u00fcnden die Schweizerische Arbeitsgemeinschaft f\u00fcr Berggebiete (SAB) und die Schweizer Berghilfe ihre Wahl. Das Palp [&hellip;]<\/p>\n","protected":false},"author":1,"featured_media":42730,"comment_status":"closed","ping_status":"closed","sticky":false,"template":"","format":"standard","meta":{"_acf_changed":false,"footnotes":""},"categories":[204],"tags":[],"class_list":["post-42729","post","type-post","status-publish","format-standard","has-post-thumbnail","hentry","category-digitalisierung"],"acf":[],"_links":{"self":[{"href":"https:\/\/theark.ch\/de\/wp-json\/wp\/v2\/posts\/42729","targetHints":{"allow":["GET"]}}],"collection":[{"href":"https:\/\/theark.ch\/de\/wp-json\/wp\/v2\/posts"}],"about":[{"href":"https:\/\/theark.ch\/de\/wp-json\/wp\/v2\/types\/post"}],"author":[{"embeddable":true,"href":"https:\/\/theark.ch\/de\/wp-json\/wp\/v2\/users\/1"}],"replies":[{"embeddable":true,"href":"https:\/\/theark.ch\/de\/wp-json\/wp\/v2\/comments?post=42729"}],"version-history":[{"count":0,"href":"https:\/\/theark.ch\/de\/wp-json\/wp\/v2\/posts\/42729\/revisions"}],"wp:featuredmedia":[{"embeddable":true,"href":"https:\/\/theark.ch\/de\/wp-json\/wp\/v2\/media\/42730"}],"wp:attachment":[{"href":"https:\/\/theark.ch\/de\/wp-json\/wp\/v2\/media?parent=42729"}],"wp:term":[{"taxonomy":"category","embeddable":true,"href":"https:\/\/theark.ch\/de\/wp-json\/wp\/v2\/categories?post=42729"},{"taxonomy":"post_tag","embeddable":true,"href":"https:\/\/theark.ch\/de\/wp-json\/wp\/v2\/tags?post=42729"}],"curies":[{"name":"wp","href":"https:\/\/api.w.org\/{rel}","templated":true}]}}