{"id":42799,"date":"2022-10-10T09:37:28","date_gmt":"2022-10-10T07:37:28","guid":{"rendered":"http:\/\/theark.ch\/news\/vispertal-solar-ein-weiteres-grossprojekt-in-der-pipeline\/"},"modified":"2022-10-10T09:37:28","modified_gmt":"2022-10-10T07:37:28","slug":"vispertal-solar-ein-weiteres-grossprojekt-in-der-pipeline","status":"publish","type":"post","link":"https:\/\/theark.ch\/de\/news\/vispertal-solar-ein-weiteres-grossprojekt-in-der-pipeline\/","title":{"rendered":"Vispertal Solar: Ein weiteres Grossprojekt in der Pipeline"},"content":{"rendered":"<p><strong>Nach Gondo und Grengiols werden derzeit Pl\u00e4ne f\u00fcr eine weitere hochalpine Solaranlage im Oberwallis vorangetrieben. Und zwar im Vispertal. 800&#39;000 Solarmodule k\u00f6nnten dereinst verbaut werden \u2013 und der Mattmark als Pumpspeicherwerk dienen. Kostenpunkt: 1,5 Millionen Franken<\/strong>.<\/p>\n<p><\/p>\n<p>Ausf\u00fchrungen, die zeigen: Vispertal Solar ist ambiti\u00f6s. Ausserordentlich ambiti\u00f6s sogar. Mit gesch\u00e4tzten Kosten von rund 1,5 Mia. Franken. Der Projektplan umfasst mehrere Standorte. Oberhalb von T\u00f6rbel, Embd und St. Niklaus \u2013 zwischen Augstbordhorn und Sparruhorn \u2013 sind vier Fl\u00e4chen definiert, auf denen Solarmodule vorgesehen sind. Ein weiteres Solarfeld liegt oberhalb von Eisten im Bereich des Mattwaldhorns.<\/p>\n<p>Die Solarmodule im Vispertal w\u00fcrden 50 Prozent des Stroms im Winter produzieren, insgesamt rechnen die Initianten des Projekts mit 1,45 TWh. Das Vispertaler Solarprojekt k\u00f6nnte so den Strombedarf f\u00fcr die gesamte Region abdecken \u2013 inklusive Lonza, Arxada und Scintilla. Sie w\u00e4re damit die erste vollumf\u00e4nglich energieautarke Region der Schweiz.<\/p>\n<p><\/p>\n<p><strong>Zwei Speichersysteme geplant<\/strong><\/p>\n<p>Das Projekt sieht auch zwei Speichersysteme vor. Ziel dieser Systeme ist es, die Spitzen der PV-Einspeisung zu gl\u00e4tten. Das Kraftwerk Mattmark soll zu einem Pumpspeicherwerk umger\u00fcstet werden. Ausserdem wird oberhalb von Stalden ein neues Ausgleichsbecken notwendig. Vor der M\u00fcndung in die Vispa soll die Saaser Vispa eine Staumauer von 60 Meter erhalten.\u00a0<\/p>\n<p>Martin Bodenmann, der Kopf hinter dem Projekt, ist \u00fcberzeugt, vom Projekt Vispertal Solar. Er sagt aber auch, dass noch viele Detailfragen gekl\u00e4rt werden m\u00fcssen und es noch Optimierungspotenzial gebe. Vispertal Solar k\u00f6nne jedoch die Region mit ihren Industriebetrieben mit CO2-freier Energie und W\u00e4rme versorgen. Nach Gondo und Grengiols ist man nun also auch im Vispertal bestrebt, die Energieproblematik aktiv anzugehen.<\/p>\n<p><\/p>\n<p><strong>Quelle<\/strong>: Walliser Bote<\/p>\n<p>\u00a0<\/p>\n","protected":false},"excerpt":{"rendered":"<p>Nach Gondo und Grengiols werden derzeit Pl\u00e4ne f\u00fcr eine weitere hochalpine Solaranlage im Oberwallis vorangetrieben. Und zwar im Vispertal. 800&#39;000 Solarmodule k\u00f6nnten dereinst verbaut werden \u2013 und der Mattmark als Pumpspeicherwerk dienen. Kostenpunkt: 1,5 Millionen Franken. Ausf\u00fchrungen, die zeigen: Vispertal Solar ist ambiti\u00f6s. Ausserordentlich ambiti\u00f6s sogar. Mit gesch\u00e4tzten Kosten von rund 1,5 Mia. Franken. Der [&hellip;]<\/p>\n","protected":false},"author":1,"featured_media":42800,"comment_status":"closed","ping_status":"closed","sticky":false,"template":"","format":"standard","meta":{"_acf_changed":false,"footnotes":""},"categories":[204],"tags":[],"class_list":["post-42799","post","type-post","status-publish","format-standard","has-post-thumbnail","hentry","category-digitalisierung"],"acf":[],"_links":{"self":[{"href":"https:\/\/theark.ch\/de\/wp-json\/wp\/v2\/posts\/42799","targetHints":{"allow":["GET"]}}],"collection":[{"href":"https:\/\/theark.ch\/de\/wp-json\/wp\/v2\/posts"}],"about":[{"href":"https:\/\/theark.ch\/de\/wp-json\/wp\/v2\/types\/post"}],"author":[{"embeddable":true,"href":"https:\/\/theark.ch\/de\/wp-json\/wp\/v2\/users\/1"}],"replies":[{"embeddable":true,"href":"https:\/\/theark.ch\/de\/wp-json\/wp\/v2\/comments?post=42799"}],"version-history":[{"count":0,"href":"https:\/\/theark.ch\/de\/wp-json\/wp\/v2\/posts\/42799\/revisions"}],"wp:featuredmedia":[{"embeddable":true,"href":"https:\/\/theark.ch\/de\/wp-json\/wp\/v2\/media\/42800"}],"wp:attachment":[{"href":"https:\/\/theark.ch\/de\/wp-json\/wp\/v2\/media?parent=42799"}],"wp:term":[{"taxonomy":"category","embeddable":true,"href":"https:\/\/theark.ch\/de\/wp-json\/wp\/v2\/categories?post=42799"},{"taxonomy":"post_tag","embeddable":true,"href":"https:\/\/theark.ch\/de\/wp-json\/wp\/v2\/tags?post=42799"}],"curies":[{"name":"wp","href":"https:\/\/api.w.org\/{rel}","templated":true}]}}