{"id":42873,"date":"2022-10-31T14:12:47","date_gmt":"2022-10-31T13:12:47","guid":{"rendered":"http:\/\/theark.ch\/news\/burkhalter-gruppe-ubernimmt-imwinkelried\/"},"modified":"2022-10-31T14:12:47","modified_gmt":"2022-10-31T12:12:47","slug":"burkhalter-gruppe-ubernimmt-imwinkelried","status":"publish","type":"post","link":"https:\/\/theark.ch\/de\/news\/burkhalter-gruppe-ubernimmt-imwinkelried\/","title":{"rendered":"Burkhalter Gruppe \u00fcbernimmt Imwinkelried"},"content":{"rendered":"<p><strong>Die Burkhalter Gruppe hat Ende Oktober den Kauf der Imwinkelried L\u00fcftung und Klima AG, ihrer Zweigniederlassung in Burgdorf sowie der Tochtergesellschaft exclean ag bekanntgegeben. Sie sollen auch k\u00fcnftig unter demselben Namen auftreten \u2013 auch alle Mitarbeitenden werden \u00fcbernommen.<\/strong><\/p>\n<p><\/p>\n<p>Die <a href=\"https:\/\/www.burkhalter.ch\/de\/\" target=\"_blank\" rel=\"noopener\">Burkhalter Gruppe<\/a> t\u00e4tigt ihre erste Akquisition im Gesch\u00e4ftsbereich Heizung, L\u00fcftung, Klima und Sanit\u00e4r (HLKS) seit der Fusion mit der poenina holding ag per 29. Juni 2022. Gem\u00e4ss Medienmitteilung \u00fcbernimmt sie die in Visp ans\u00e4ssige Imwinkelried L\u00fcftung und Klima AG sowie deren Tochtergesellschaft exclean ag. Das Unternehmen besch\u00e4ftigt am Hauptsitz im Wallis 68 und in der Zweigniederlassung in Burgdorf vier Mitarbeitende. Es erwirtschaftet einen Jahresumsatz von rund CHF 21.5 Mio.\u00a0<\/p>\n<p><\/p>\n<p>Wie es in der Burkhalter Gruppe beim Kauf eines neuen Unternehmens \u00fcblich sei, w\u00fcrden alle Mitarbeitenden \u00fcbernommen, heisst es weiter. Auch die Gesch\u00e4ftsleitung der beiden weiterhin unter eigenem Namen auftretenden Unternehmen bleibe unver\u00e4ndert. Der Kaufpreis wird in bar und mittels Namenaktien der K\u00e4uferin beglichen. Zu diesem Zweck werden rund 140&#39;000 Namenaktien aus genehmigtem Kapital unter Ausschluss des Bezugsrechts geschaffen. Wachstum durch den gezielten Kauf anderer Geb\u00e4udetechnik-Unternehmen bleibt laut Mitteilung auch in Zukunft Teil der Strategie der Burkhalter Gruppe.<\/p>\n<p><\/p>\n<p>Durch die Fusion mit der poenina holding ag Ende Juni 2022 ist die Burkhalter Gruppe neu Gesamtanbieterin von gewerk\u00fcbergreifender Geb\u00e4udetechnik. Das Unternehmen besch\u00e4ftigt rund 4600 Mitarbeitende, davon etwa 900 Lernende, die in 80 Gruppengesellschaften an 150 Standorten Dienstleistungen aus den Bereichen Heizungs- und K\u00e4lte-, L\u00fcftungs- und Klima-, Sanit\u00e4r- und Elektrotechnik in der Schweiz und im F\u00fcrstentum Liechtenstein erbringen. Der Hauptsitz der Gruppe befindet sich in Z\u00fcrich.\u00a0<\/p>\n<p><\/p>\n<p><strong>Quelle<\/strong>: Medienmitteilung Burkhalter Gruppe<\/p>\n<p><strong>Bilder<\/strong>: Website Burkhalter Gruppe<\/p>\n<p>\u00a0<\/p>\n","protected":false},"excerpt":{"rendered":"<p>Die Burkhalter Gruppe hat Ende Oktober den Kauf der Imwinkelried L\u00fcftung und Klima AG, ihrer Zweigniederlassung in Burgdorf sowie der Tochtergesellschaft exclean ag bekanntgegeben. Sie sollen auch k\u00fcnftig unter demselben Namen auftreten \u2013 auch alle Mitarbeitenden werden \u00fcbernommen. Die Burkhalter Gruppe t\u00e4tigt ihre erste Akquisition im Gesch\u00e4ftsbereich Heizung, L\u00fcftung, Klima und Sanit\u00e4r (HLKS) seit der [&hellip;]<\/p>\n","protected":false},"author":1,"featured_media":42874,"comment_status":"closed","ping_status":"closed","sticky":false,"template":"","format":"standard","meta":{"_acf_changed":false,"footnotes":""},"categories":[204],"tags":[],"class_list":["post-42873","post","type-post","status-publish","format-standard","has-post-thumbnail","hentry","category-digitalisierung"],"acf":[],"_links":{"self":[{"href":"https:\/\/theark.ch\/de\/wp-json\/wp\/v2\/posts\/42873","targetHints":{"allow":["GET"]}}],"collection":[{"href":"https:\/\/theark.ch\/de\/wp-json\/wp\/v2\/posts"}],"about":[{"href":"https:\/\/theark.ch\/de\/wp-json\/wp\/v2\/types\/post"}],"author":[{"embeddable":true,"href":"https:\/\/theark.ch\/de\/wp-json\/wp\/v2\/users\/1"}],"replies":[{"embeddable":true,"href":"https:\/\/theark.ch\/de\/wp-json\/wp\/v2\/comments?post=42873"}],"version-history":[{"count":0,"href":"https:\/\/theark.ch\/de\/wp-json\/wp\/v2\/posts\/42873\/revisions"}],"wp:featuredmedia":[{"embeddable":true,"href":"https:\/\/theark.ch\/de\/wp-json\/wp\/v2\/media\/42874"}],"wp:attachment":[{"href":"https:\/\/theark.ch\/de\/wp-json\/wp\/v2\/media?parent=42873"}],"wp:term":[{"taxonomy":"category","embeddable":true,"href":"https:\/\/theark.ch\/de\/wp-json\/wp\/v2\/categories?post=42873"},{"taxonomy":"post_tag","embeddable":true,"href":"https:\/\/theark.ch\/de\/wp-json\/wp\/v2\/tags?post=42873"}],"curies":[{"name":"wp","href":"https:\/\/api.w.org\/{rel}","templated":true}]}}