{"id":42919,"date":"2022-11-16T10:50:13","date_gmt":"2022-11-16T09:50:13","guid":{"rendered":"http:\/\/theark.ch\/news\/zahl-der-firmenpleiten-hoch-nicht-aber-im-wallis\/"},"modified":"2022-11-16T10:50:13","modified_gmt":"2022-11-16T08:50:13","slug":"zahl-der-firmenpleiten-hoch-nicht-aber-im-wallis","status":"publish","type":"post","link":"https:\/\/theark.ch\/de\/news\/zahl-der-firmenpleiten-hoch-nicht-aber-im-wallis\/","title":{"rendered":"Zahl der Firmenpleiten hoch \u2013 nicht aber im Wallis"},"content":{"rendered":"<p><strong>Die Zahl der Firmenkonkurse ist von Januar bis Ende Oktober im Vergleich zum Vorjahr um knapp 35 Prozent gestiegen. Insgesamt gingen rund 5500 Firmen pleite. Das entspricht einem Anstieg um 1400 Konkursen. Ein anderes Bild zeigt sich beispielsweise im Wallis. Hier wurden deutlich weniger Konkurse verzeichnet.<\/strong><\/p>\n<p>Betrachte man die Vorkrisenwerte aus den Jahren 2018 bis 2019, dann seien 8 Prozent mehr Firmen pleite gegangen, informierte die Inkassofirma Creditreform Anfang November. In der Coronakrise selbst sei die Zahl der Konkurse, auch wegen umfassender Hilfsmassnahmen, noch deutlich gesunken.<\/p>\n<p>Creditreform vermutet, dass einige der nun insolventen Firmen schon vor der Krise in Schwierigkeiten waren und durch staatliche Hilfen k\u00fcnstlich am Leben gehalten wurden. Besonders hoch sei dabei der Anteil in den Branchen Informatik, Finanz- und Versicherungsdienstleistungen sowie Maschinenbau gewesen. Hier stieg die Zahl der Pleiten \u00fcberdurchschnittlich stark an.<\/p>\n<p><\/p>\n<p><strong>Einige Kantone mit anderer Entwicklung<\/strong><\/p>\n<p>Am st\u00e4rksten nahm die Zahl der Firmenpleiten in den Kantonen Zug (+63.1 Prozent), Luzern (+47.3 Prozent) und Schwyz (+32.6 Prozent) zu. Es gab aber auch Kantone mit teils deutlich weniger Konkursen, darunter das Wallis (-21.4 Prozent), Graub\u00fcnden (-23.0 Prozent), Genf (-17.0 Prozent) und St. Gallen (-12.4 Prozent).\u00a0<\/p>\n<p>F\u00fcr das Gesamtjahr erwartet Creditreform einen neuen H\u00f6chststand bei den Insolvenzen. Mehr als 6600 Unternehmen w\u00fcrden das Jahr nicht mehr \u00fcberleben, schreibt das Unternehmen. Die Zahl der Neueintragungen von Firmen liegt demgegen\u00fcber in den ersten zehn Monaten leicht unter dem Vorjahreswert (-1.2 Prozent).\u00a0<\/p>\n<p><\/p>\n<p><strong>Quelle<\/strong>: Presseletter Creditreform<\/p>\n","protected":false},"excerpt":{"rendered":"<p>Die Zahl der Firmenkonkurse ist von Januar bis Ende Oktober im Vergleich zum Vorjahr um knapp 35 Prozent gestiegen. Insgesamt gingen rund 5500 Firmen pleite. Das entspricht einem Anstieg um 1400 Konkursen. Ein anderes Bild zeigt sich beispielsweise im Wallis. Hier wurden deutlich weniger Konkurse verzeichnet. Betrachte man die Vorkrisenwerte aus den Jahren 2018 bis [&hellip;]<\/p>\n","protected":false},"author":1,"featured_media":42920,"comment_status":"closed","ping_status":"closed","sticky":false,"template":"","format":"standard","meta":{"_acf_changed":false,"footnotes":""},"categories":[204],"tags":[],"class_list":["post-42919","post","type-post","status-publish","format-standard","has-post-thumbnail","hentry","category-digitalisierung"],"acf":[],"_links":{"self":[{"href":"https:\/\/theark.ch\/de\/wp-json\/wp\/v2\/posts\/42919","targetHints":{"allow":["GET"]}}],"collection":[{"href":"https:\/\/theark.ch\/de\/wp-json\/wp\/v2\/posts"}],"about":[{"href":"https:\/\/theark.ch\/de\/wp-json\/wp\/v2\/types\/post"}],"author":[{"embeddable":true,"href":"https:\/\/theark.ch\/de\/wp-json\/wp\/v2\/users\/1"}],"replies":[{"embeddable":true,"href":"https:\/\/theark.ch\/de\/wp-json\/wp\/v2\/comments?post=42919"}],"version-history":[{"count":0,"href":"https:\/\/theark.ch\/de\/wp-json\/wp\/v2\/posts\/42919\/revisions"}],"wp:featuredmedia":[{"embeddable":true,"href":"https:\/\/theark.ch\/de\/wp-json\/wp\/v2\/media\/42920"}],"wp:attachment":[{"href":"https:\/\/theark.ch\/de\/wp-json\/wp\/v2\/media?parent=42919"}],"wp:term":[{"taxonomy":"category","embeddable":true,"href":"https:\/\/theark.ch\/de\/wp-json\/wp\/v2\/categories?post=42919"},{"taxonomy":"post_tag","embeddable":true,"href":"https:\/\/theark.ch\/de\/wp-json\/wp\/v2\/tags?post=42919"}],"curies":[{"name":"wp","href":"https:\/\/api.w.org\/{rel}","templated":true}]}}