{"id":42923,"date":"2022-11-16T11:11:12","date_gmt":"2022-11-16T10:11:12","guid":{"rendered":"http:\/\/theark.ch\/news\/begehrter-award-fur-valais4you\/"},"modified":"2022-11-16T11:11:12","modified_gmt":"2022-11-16T09:11:12","slug":"begehrter-award-fur-valais4you","status":"publish","type":"post","link":"https:\/\/theark.ch\/de\/news\/begehrter-award-fur-valais4you\/","title":{"rendered":"Begehrter Award f\u00fcr Valais4you"},"content":{"rendered":"<p><strong>Die Walliser Initiative <a href=\"https:\/\/www.valais4you.ch\/de\" target=\"_blank\" rel=\"noopener\">Valais4you<\/a> hat den diesj\u00e4hrigen SVSM Award erhalten. Die Zusammenarbeit von Unternehmen, Gemeinden und Kanton k\u00fcmmert sich um optimale Rahmenbedingungen f\u00fcr zuziehende Fachkr\u00e4fte in der Region.\u00a0<\/strong><\/p>\n<p>Die Schweizerische Vereinigung f\u00fcr Standortmanagement zeichnet mit den <a href=\"https:\/\/svsm-standortmanagement.ch\/awards\" target=\"_blank\" rel=\"noopener\">SVSM-Awards<\/a> innovative Projekte in den Bereichen Standortmarketing sowie Standort- und Wirtschaftsentwicklung aus. F\u00fcr die Verleihung 2022 wurden aus insgesamt 14 Bewerbungen mehrere Projekte nominiert. Christian Kalbermatter, Betriebsleiter von Valais4you, freut sich \u00fcber die erhaltene Auszeichnung.\u00a0<\/p>\n<p>\u00abDer Award ist eine verdiente Anerkennung f\u00fcr die in den letzten Jahren gemachte Arbeit der ganzen beteiligten Akteure. Er ist gleichzeitig eine Anerkennung des gemeinschaftlichen Efforts in der Region, m\u00f6glichst gute Rahmenbedingungen f\u00fcr zuziehende Fachkr\u00e4fte zu schaffen, von welchen auch die einheimische Bev\u00f6lkerung profitiert\u00bb, so Kalbermatter.<\/p>\n<p><\/p>\n<p><strong>Am selben Strick ziehen<\/strong><\/p>\n<p>Anfang 2022 ist der Dienstleistungsbetrieb Valais4you aus dem Regionalentwicklungsprogramm WIWA hervorgegangen. Im Zentrum steht die gemeinsame Bearbeitung von Themen durch die wichtigen Wirtschaftsakteure Lonza, Bosch\/Scintilla, FFHS, Matterhorn Gotthard Bahn und Spitalzentrum Oberwallis sowie Gemeinden, VWP und Kanton. Die operative Leitung liegt beim Regions- und Wirtschaftszentrum Oberwallis (RWO).\u00a0<\/p>\n<p><\/p>\n<p><strong>Quelle<\/strong>: RWO<\/p>\n<p>\u00a0<\/p>\n","protected":false},"excerpt":{"rendered":"<p>Die Walliser Initiative Valais4you hat den diesj\u00e4hrigen SVSM Award erhalten. Die Zusammenarbeit von Unternehmen, Gemeinden und Kanton k\u00fcmmert sich um optimale Rahmenbedingungen f\u00fcr zuziehende Fachkr\u00e4fte in der Region.\u00a0 Die Schweizerische Vereinigung f\u00fcr Standortmanagement zeichnet mit den SVSM-Awards innovative Projekte in den Bereichen Standortmarketing sowie Standort- und Wirtschaftsentwicklung aus. F\u00fcr die Verleihung 2022 wurden aus insgesamt [&hellip;]<\/p>\n","protected":false},"author":1,"featured_media":42924,"comment_status":"closed","ping_status":"closed","sticky":false,"template":"","format":"standard","meta":{"_acf_changed":false,"footnotes":""},"categories":[204],"tags":[],"class_list":["post-42923","post","type-post","status-publish","format-standard","has-post-thumbnail","hentry","category-digitalisierung"],"acf":[],"_links":{"self":[{"href":"https:\/\/theark.ch\/de\/wp-json\/wp\/v2\/posts\/42923","targetHints":{"allow":["GET"]}}],"collection":[{"href":"https:\/\/theark.ch\/de\/wp-json\/wp\/v2\/posts"}],"about":[{"href":"https:\/\/theark.ch\/de\/wp-json\/wp\/v2\/types\/post"}],"author":[{"embeddable":true,"href":"https:\/\/theark.ch\/de\/wp-json\/wp\/v2\/users\/1"}],"replies":[{"embeddable":true,"href":"https:\/\/theark.ch\/de\/wp-json\/wp\/v2\/comments?post=42923"}],"version-history":[{"count":0,"href":"https:\/\/theark.ch\/de\/wp-json\/wp\/v2\/posts\/42923\/revisions"}],"wp:featuredmedia":[{"embeddable":true,"href":"https:\/\/theark.ch\/de\/wp-json\/wp\/v2\/media\/42924"}],"wp:attachment":[{"href":"https:\/\/theark.ch\/de\/wp-json\/wp\/v2\/media?parent=42923"}],"wp:term":[{"taxonomy":"category","embeddable":true,"href":"https:\/\/theark.ch\/de\/wp-json\/wp\/v2\/categories?post=42923"},{"taxonomy":"post_tag","embeddable":true,"href":"https:\/\/theark.ch\/de\/wp-json\/wp\/v2\/tags?post=42923"}],"curies":[{"name":"wp","href":"https:\/\/api.w.org\/{rel}","templated":true}]}}