{"id":42933,"date":"2022-11-17T10:58:11","date_gmt":"2022-11-17T09:58:11","guid":{"rendered":"http:\/\/theark.ch\/news\/eversys-reitet-auf-einer-erfolgswelle\/"},"modified":"2022-11-17T10:58:11","modified_gmt":"2022-11-17T08:58:11","slug":"eversys-reitet-auf-einer-erfolgswelle","status":"publish","type":"post","link":"https:\/\/theark.ch\/de\/news\/eversys-reitet-auf-einer-erfolgswelle\/","title":{"rendered":"Eversys reitet auf einer Erfolgswelle"},"content":{"rendered":"<p><strong>Die Geschichte des Siderser Herstellers von gewerblich genutzten Kaffeemaschinen hat 2009 als Start-up begonnen. 2013 produzierte Eversys noch 500 Kaffeemaschinen. Inzwischen sind es 7500. Tendenz steigend. Der \u00abWalliser Bote\u00bb hat einen Blick auf die Entwicklung von Eversys geworfen. Ein Unternehmen, das seit seiner Gr\u00fcndung von <a href=\"http:\/\/theark.ch\/de\/\" target=\"_blank\">The Ark<\/a> und dem <a href=\"https:\/\/ccf-valais.ch\/de\/\" target=\"_blank\" rel=\"noopener\">CCF<\/a> unterst\u00fctzt wird.\u00a0<\/strong><\/p>\n<p>Im Jahr 2020 konnte sich <a href=\"https:\/\/www.eversys.com\/fr\/\" target=\"_blank\" rel=\"noopener\">Eversys<\/a> selbst noch gegen den Trend stemmen. W\u00e4hrend die Branche um rund einen Drittel einbrach, wuchs der Kaffeemaschinenhersteller um 15 Prozent. 2021 musste man dann zwar ebenfalls einen Umsatzr\u00fcckgang von 10 Prozent in Kauf nehmen und auf Kurzarbeit umstellen. In der zweiten Jahresh\u00e4lfte zog das Gesch\u00e4ft dann aber wieder an. Martin Strehl, CEO von Eversys, betont: \u00abUnd jetzt geht es regelrecht durch die Decke.\u00bb<\/p>\n<p>Die Wachstumskurve zeigt steil nach oben: Im Jahr 2021 wurden 5000 Kaffeemaschinen produziert. Heuer werden es bereits 7500 sein. Der Bestellbestand liegt gar bei \u00fcber 10\u2019000 Maschinen. Aufgrund von Lieferengp\u00e4ssen bei der Materialbeschaffung kann man jedoch nicht alle davon ber\u00fccksichtigen. Der Umsatz ist von 65 Millionen Franken im letzten Jahr auf 100 Millionen Franken im aktuellen Jahr angewachsen.<\/p>\n<p>\u00a0<\/p>\n<p><strong>Arbeit f\u00fcr 320 Personen<\/strong><\/p>\n<p>Inzwischen sind insgesamt 320 Personen bei Eversys besch\u00e4ftigt. 220 davon am Hauptstandort in Siders. Allein in diesem Jahr wurden 60 neue Mitarbeiter eingestellt. Derzeit laufen die Vorbereitungen f\u00fcr die Einf\u00fchrung einer neuen Produktlinie. Ausserdem konnte Eversys vor Kurzem die Zusammenarbeit mit der Kaffeehauskette Starbucks kommunizieren. Es handelt sich bei diesem Projekt um eine vollautomatische Kaffeemaschine f\u00fcr kalt gebr\u00fchten Kaffee.\u00a0<\/p>\n<p>Produktion und Auslieferung sollen ab 2024 beginnen. In einer ersten Phase werden alle Starbucks-Filialen in den USA beliefert. Danach folgen allm\u00e4hlich auch andere L\u00e4nder. Um dieses Wachstum zu erm\u00f6glichen, erweitert Eversys nach knapp zwei Jahren am neuen Standort nun abermals seine Produktions- und B\u00fcrofl\u00e4chen. Der Ausbau des Fabrikgel\u00e4ndes hat bereits begonnen.\u00a0<\/p>\n<p><\/p>\n<p><strong>Bald bis zu 25&#39;000 Maschinen im Jahr<\/strong><\/p>\n<p>CEO Martin Strehl ist von den weiteren Wachstumsm\u00f6glichkeiten von Eversys \u00fcberzeugt. F\u00fcr 2023 rechnet man dank einer gut gef\u00fcllten Pipeline und umfangreichen Kundenprojekten mit einer Produktionskapazit\u00e4t von 12\u2019500 Maschinen. Es sei denkbar, dass man in den kommenden Jahren 20\u20190000 bis 25\u2019000 Einheiten pro Jahr erreiche. Tolle Aussichten f\u00fcr das Walliser Unternehmen!<\/p>\n<p><\/p>\n<p><strong>Quelle<\/strong>: Walliser Bote<\/p>\n<p>\u00a0<\/p>\n","protected":false},"excerpt":{"rendered":"<p>Die Geschichte des Siderser Herstellers von gewerblich genutzten Kaffeemaschinen hat 2009 als Start-up begonnen. 2013 produzierte Eversys noch 500 Kaffeemaschinen. Inzwischen sind es 7500. Tendenz steigend. Der \u00abWalliser Bote\u00bb hat einen Blick auf die Entwicklung von Eversys geworfen. Ein Unternehmen, das seit seiner Gr\u00fcndung von The Ark und dem CCF unterst\u00fctzt wird.\u00a0 Im Jahr 2020 [&hellip;]<\/p>\n","protected":false},"author":1,"featured_media":42934,"comment_status":"closed","ping_status":"closed","sticky":false,"template":"","format":"standard","meta":{"_acf_changed":false,"footnotes":""},"categories":[204],"tags":[],"class_list":["post-42933","post","type-post","status-publish","format-standard","has-post-thumbnail","hentry","category-digitalisierung"],"acf":[],"_links":{"self":[{"href":"https:\/\/theark.ch\/de\/wp-json\/wp\/v2\/posts\/42933","targetHints":{"allow":["GET"]}}],"collection":[{"href":"https:\/\/theark.ch\/de\/wp-json\/wp\/v2\/posts"}],"about":[{"href":"https:\/\/theark.ch\/de\/wp-json\/wp\/v2\/types\/post"}],"author":[{"embeddable":true,"href":"https:\/\/theark.ch\/de\/wp-json\/wp\/v2\/users\/1"}],"replies":[{"embeddable":true,"href":"https:\/\/theark.ch\/de\/wp-json\/wp\/v2\/comments?post=42933"}],"version-history":[{"count":0,"href":"https:\/\/theark.ch\/de\/wp-json\/wp\/v2\/posts\/42933\/revisions"}],"wp:featuredmedia":[{"embeddable":true,"href":"https:\/\/theark.ch\/de\/wp-json\/wp\/v2\/media\/42934"}],"wp:attachment":[{"href":"https:\/\/theark.ch\/de\/wp-json\/wp\/v2\/media?parent=42933"}],"wp:term":[{"taxonomy":"category","embeddable":true,"href":"https:\/\/theark.ch\/de\/wp-json\/wp\/v2\/categories?post=42933"},{"taxonomy":"post_tag","embeddable":true,"href":"https:\/\/theark.ch\/de\/wp-json\/wp\/v2\/tags?post=42933"}],"curies":[{"name":"wp","href":"https:\/\/api.w.org\/{rel}","templated":true}]}}