{"id":43017,"date":"2023-01-09T09:00:40","date_gmt":"2023-01-09T08:00:40","guid":{"rendered":"http:\/\/theark.ch\/news\/total-2317-neue-firmen-im-wallis-gegrundet\/"},"modified":"2023-01-09T09:00:40","modified_gmt":"2023-01-09T07:00:40","slug":"total-2317-neue-firmen-im-wallis-gegrundet","status":"publish","type":"post","link":"https:\/\/theark.ch\/de\/news\/total-2317-neue-firmen-im-wallis-gegrundet\/","title":{"rendered":"Total 2317 neue Firmen im Wallis gegr\u00fcndet"},"content":{"rendered":"<p><strong>Den geopolitischen und wirtschaftlichen Unsicherheiten zum Trotz zeigten sich Herr und Frau Schweizer im Jahr 2022 in Firmengr\u00fcndungslaune. Auch im Wallis war dieser positive Wind deutlich sp\u00fcrbar.\u00a0Im Jahr 2022 wurden laut einer nationalen Analyse des Instituts f\u00fcr <a href=\"https:\/\/www.ifj.ch\/de\" target=\"_blank\" rel=\"noopener\">Jungunternehmen IFJ<\/a> rund 50&#39;000 neue Firmen im Schweizer Handelsregister eingetragen.<\/strong><\/p>\n<p>\u00a0<\/p>\n<p>Ein Vergleich zeigt, dass trotz globalen Unsicherheiten nur ein leichter R\u00fcckgang von 1,4 Prozent zum Rekordjahr 2021 verzeichnet wird.\u00a0Im Wallis sind im letzten Jahr 2317 Firmen gegr\u00fcndet worden. Im Jahr 2021 waren es noch 2293 Firmen gewesen. Neben dem Wallis verzeichnen im Jahr 2022 auch die Kantone Freiburg, Jura, Solothurn, Nidwalden, Obwalden, Z\u00fcrich, Appenzell Innerrhoden und Glarus bei den Neugr\u00fcndungen ein Plus.<\/p>\n<p><\/p>\n<p><strong>Marketing und Kommunikation als Spitzenreiter<\/strong><\/p>\n<p>Zu den top Wachstumsbranchen im Jahr 2022 z\u00e4hlen Marketing &#038; Kommunikation mit 15,9 Prozent, Transport &#038; Logistik mit 15,1 Prozent sowie das Gesundheitswesen mit 11,5 Prozent. Die h\u00f6chsten prozentualen R\u00fcckg\u00e4nge verzeichnen die Branchen Grosshandel mit -13,3 Prozent, Land- &#038; Forstwirtschaft mit -12,4 Prozent sowie Detailhandel mit -8,7 Prozent.<\/p>\n<p><\/p>\n<p>Im schweizweiten Durchschnitt wurden im Jahr 2022 pro 1000 Einwohnerinnen und Einwohnern 5,74 Gr\u00fcndungen realisiert. Das Wallis ist einer der Kantone, die \u00fcber dem nationalen Schnitt liegen. Laut dem Institut f\u00fcr Jungunternehmen IFJ f\u00e4llt auf, dass acht von den elf Kantonen, die \u00fcber dem nationalen Schnitt liegen, attraktive Gewinnsteuers\u00e4tze bieten.\u00a0<\/p>\n<p><strong>Quelle<\/strong>: IFJ Institut f\u00fcr Jungunternehmen<\/p>\n<p><strong>Bild<\/strong>:\u00a0\u00a0<a href=\"https:\/\/unsplash.com\/@glenncarstenspeters?utm_source=unsplash&#038;utm_medium=referral&#038;utm_content=creditCopyText\" target=\"_blank\" rel=\"noopener\">Glenn Carstens-Peters<\/a> auf\u00a0<a href=\"https:\/\/unsplash.com\/fr\/photos\/npxXWgQ33ZQ?utm_source=unsplash&#038;utm_medium=referral&#038;utm_content=creditCopyText\" target=\"_blank\" rel=\"noopener\">Unsplash<\/a><\/p>\n","protected":false},"excerpt":{"rendered":"<p>Den geopolitischen und wirtschaftlichen Unsicherheiten zum Trotz zeigten sich Herr und Frau Schweizer im Jahr 2022 in Firmengr\u00fcndungslaune. Auch im Wallis war dieser positive Wind deutlich sp\u00fcrbar.\u00a0Im Jahr 2022 wurden laut einer nationalen Analyse des Instituts f\u00fcr Jungunternehmen IFJ rund 50&#39;000 neue Firmen im Schweizer Handelsregister eingetragen. \u00a0 Ein Vergleich zeigt, dass trotz globalen Unsicherheiten [&hellip;]<\/p>\n","protected":false},"author":1,"featured_media":43018,"comment_status":"closed","ping_status":"closed","sticky":false,"template":"","format":"standard","meta":{"_acf_changed":false,"footnotes":""},"categories":[204],"tags":[],"class_list":["post-43017","post","type-post","status-publish","format-standard","has-post-thumbnail","hentry","category-digitalisierung"],"acf":[],"_links":{"self":[{"href":"https:\/\/theark.ch\/de\/wp-json\/wp\/v2\/posts\/43017","targetHints":{"allow":["GET"]}}],"collection":[{"href":"https:\/\/theark.ch\/de\/wp-json\/wp\/v2\/posts"}],"about":[{"href":"https:\/\/theark.ch\/de\/wp-json\/wp\/v2\/types\/post"}],"author":[{"embeddable":true,"href":"https:\/\/theark.ch\/de\/wp-json\/wp\/v2\/users\/1"}],"replies":[{"embeddable":true,"href":"https:\/\/theark.ch\/de\/wp-json\/wp\/v2\/comments?post=43017"}],"version-history":[{"count":0,"href":"https:\/\/theark.ch\/de\/wp-json\/wp\/v2\/posts\/43017\/revisions"}],"wp:featuredmedia":[{"embeddable":true,"href":"https:\/\/theark.ch\/de\/wp-json\/wp\/v2\/media\/43018"}],"wp:attachment":[{"href":"https:\/\/theark.ch\/de\/wp-json\/wp\/v2\/media?parent=43017"}],"wp:term":[{"taxonomy":"category","embeddable":true,"href":"https:\/\/theark.ch\/de\/wp-json\/wp\/v2\/categories?post=43017"},{"taxonomy":"post_tag","embeddable":true,"href":"https:\/\/theark.ch\/de\/wp-json\/wp\/v2\/tags?post=43017"}],"curies":[{"name":"wp","href":"https:\/\/api.w.org\/{rel}","templated":true}]}}