{"id":43889,"date":"2020-01-13T12:37:58","date_gmt":"2020-01-13T11:37:58","guid":{"rendered":"http:\/\/theark.ch\/news\/le-groupe-t2i-reste-la-plus-grande-pme-informatique-du-valais\/"},"modified":"2024-11-21T18:19:36","modified_gmt":"2024-11-21T17:19:36","slug":"le-groupe-t2i-reste-la-plus-grande-pme-informatique-du-valais","status":"publish","type":"post","link":"https:\/\/theark.ch\/de\/news\/le-groupe-t2i-reste-la-plus-grande-pme-informatique-du-valais\/","title":{"rendered":"T2i weiterhin gr\u00f6sstes IT-Unternehmen im Wallis"},"content":{"rendered":"<p><strong>Die T2i-Gruppe mit Sitz im Technop\u00f4le Siders ist das IT-Unternehmen mit den meisten Angestellten im Kanton. Das hat eine Studie des ICT Journal ergeben, die Anfang 2020 ver\u00f6ffentlicht wurde. Der zweite Platz wird gemeinsam von der Swisscom und der Silicom-Gruppe gehalten, knapp vor der CIGES SA.<\/strong><\/p>\n<p>Im September 2019 besch\u00e4ftigte die <a href=\"https:\/\/www.groupe-t2i.com\/fr-ch\/\" target=\"_blank\" rel=\"noopener\">T2i-Gruppe<\/a> laut der Studie des ICT Journal 142 Personen, wovon 99 allein im Wallis t\u00e4tig waren. Damit liegt das Unternehmen aus Siders auf Platz 16 der Schweizer Rangliste. Die T2i-Gruppe ist eine internationale Gruppe mit lokaler Pr\u00e4senz und spezialisiert auf die Ver\u00f6ffentlichung von IT-Software, insbesondere f\u00fcr die \u00f6ffentliche Verwaltung, Immobilien, Infrastruktur und Personalwesen. Heute nutzen gut 250&#39;000 Benutzer die L\u00f6sungen der T2i Group. Mehr als 20 Prozent des Umsatzes werden f\u00fcr Forschung und Entwicklung verwendet.<\/p>\n<p><strong>Swisscom und Silicom ebenfalls auf Treppchen\u00a0<\/strong><\/p>\n<p>Hinter der T2i Gruppe folgen <a href=\"http:\/\/www.swisscom.ch\/fr\/clients-prives.html\" target=\"_blank\" rel=\"noopener\">Swisscom<\/a> und <a href=\"http:\/\/www.silicomgroup.ch\/\" target=\"_blank\" rel=\"noopener\">Silicom<\/a>, die beide jeweils 34 Angestellte z\u00e4hlen. Die 2017 aus der Fusion von Krios Suisse, Helvetec, 8Uit und Simnet entstandene Silicom-Gruppe rangiert in der Schweizer Rangliste auf Platz 71, was die Zahl der Besch\u00e4ftigten betrifft. <a href=\"http:\/\/www.ciges.ch\/\" target=\"_blank\" rel=\"noopener\">CIGES<\/a> (27 Mitarbeitende im Wallis &#8211; 85. Platz in der Schweiz), <a href=\"http:\/\/proactive-partners.ch\/fr\/\" target=\"_blank\" rel=\"noopener\">Proactive Partners<\/a> (45 Mitarbeitende, davon 15 im Forschungs- und Entwicklungszentrum in Sitten &#8211; 61. Platz) und <a href=\"http:\/\/synchrotech.ch\/\" target=\"_blank\" rel=\"noopener\">Synchrotech<\/a> (25 Mitarbeitende, davon 15 in Martinach &#8211; 87. Platz) vervollst\u00e4ndigen die Walliser Rangliste. \u00a0<\/p>\n<p>Die meisten der in der Westschweiz t\u00e4tigen IT-Unternehmen sind Dienstleister, die \u00fcblicherweise eine Kombination von Dienstleistungen anbieten: Beratung, Integration, Personaldelegation. Nur jedes vierte Unternehmen ver\u00f6ffentlicht Software und eine marginale Anzahl produziert Equipment, stellt das ICT Journal fest.\u00a0<\/p>\n<p><\/p>\n<p><strong>Quelle<\/strong>: ICT Journal\u00a0<\/p>\n<p>\u00a0<\/p>\n","protected":false},"excerpt":{"rendered":"<p>Die T2i-Gruppe mit Sitz im Technop\u00f4le Siders ist das IT-Unternehmen mit den meisten Angestellten im Kanton. Das hat eine Studie des ICT Journal ergeben, die Anfang 2020 ver\u00f6ffentlicht wurde. Der zweite Platz wird gemeinsam von der Swisscom und der Silicom-Gruppe gehalten, knapp vor der CIGES SA. Im September 2019 besch\u00e4ftigte die T2i-Gruppe laut der Studie [&hellip;]<\/p>\n","protected":false},"author":1,"featured_media":43888,"comment_status":"closed","ping_status":"closed","sticky":false,"template":"","format":"standard","meta":{"_acf_changed":false,"footnotes":""},"categories":[204],"tags":[],"class_list":["post-43889","post","type-post","status-publish","format-standard","has-post-thumbnail","hentry","category-digitalisierung"],"acf":[],"_links":{"self":[{"href":"https:\/\/theark.ch\/de\/wp-json\/wp\/v2\/posts\/43889","targetHints":{"allow":["GET"]}}],"collection":[{"href":"https:\/\/theark.ch\/de\/wp-json\/wp\/v2\/posts"}],"about":[{"href":"https:\/\/theark.ch\/de\/wp-json\/wp\/v2\/types\/post"}],"author":[{"embeddable":true,"href":"https:\/\/theark.ch\/de\/wp-json\/wp\/v2\/users\/1"}],"replies":[{"embeddable":true,"href":"https:\/\/theark.ch\/de\/wp-json\/wp\/v2\/comments?post=43889"}],"version-history":[{"count":1,"href":"https:\/\/theark.ch\/de\/wp-json\/wp\/v2\/posts\/43889\/revisions"}],"predecessor-version":[{"id":43890,"href":"https:\/\/theark.ch\/de\/wp-json\/wp\/v2\/posts\/43889\/revisions\/43890"}],"wp:featuredmedia":[{"embeddable":true,"href":"https:\/\/theark.ch\/de\/wp-json\/wp\/v2\/media\/43888"}],"wp:attachment":[{"href":"https:\/\/theark.ch\/de\/wp-json\/wp\/v2\/media?parent=43889"}],"wp:term":[{"taxonomy":"category","embeddable":true,"href":"https:\/\/theark.ch\/de\/wp-json\/wp\/v2\/categories?post=43889"},{"taxonomy":"post_tag","embeddable":true,"href":"https:\/\/theark.ch\/de\/wp-json\/wp\/v2\/tags?post=43889"}],"curies":[{"name":"wp","href":"https:\/\/api.w.org\/{rel}","templated":true}]}}