{"id":43903,"date":"2020-01-21T18:22:34","date_gmt":"2020-01-21T17:22:34","guid":{"rendered":"http:\/\/theark.ch\/news\/solarstrom-aus-der-heimischen-bergwelt\/"},"modified":"2020-01-21T18:22:34","modified_gmt":"2020-01-21T16:22:34","slug":"solarstrom-aus-der-heimischen-bergwelt","status":"publish","type":"post","link":"https:\/\/theark.ch\/de\/news\/solarstrom-aus-der-heimischen-bergwelt\/","title":{"rendered":"Solarstrom aus der heimischen Bergwelt"},"content":{"rendered":"<p><strong>In den Walliser Alpen haben in den letzten Wochen zwei Solarprojekte mit Vorzeigecharakter ihren Betrieb aufgenommen: Ein schwimmender Solarpark auf dem Lac des Toules und die sanierte Anlage am Bergrestaurant auf dem Kleinen Matterhorn.\u00a0<\/strong><\/p>\n<p><\/p>\n<p><a href=\"https:\/\/www.romande-energie.ch\/\" target=\"_blank\" rel=\"noopener\">Romande Energie<\/a> hat den ersten schwimmenden Solarpark in den Alpen nach sechs Jahren Studium in gut zehn Monaten auf dem Lac des Toules in Bourg-St-Pierre realisiert. Die 36 Inseln mit insgesamt 1.400 Photovoltaik-Modulen schaukeln seit Anfang Dezember auf dem etwas \u00fcber 1.800 Metern \u00fcber Meer gelegenen Stausee. Der Energieversorger will mit der Testanlage, die \u00fcber 800.000 kWh Strom pro Jahr produziert, \u00abdie technische und finanzielle Realisierbarkeit eines Projekts in gr\u00f6sserem Massstab erproben\u00bb. Das ist eine Weltpremiere, noch nie zuvor gab es eine solche Anlage im Gebirge.<\/p>\n<p><\/p>\n<p><strong>Sanierungsarbeiten ob Zermatt<\/strong><\/p>\n<p>Beim zweiten Projekt handelt es sich um die Solarstromeinrichtung an der Fassade des Bergrestaurants am Kleinen Matterhorn. Bereits die 2009 von der BKW-Tochter Sol-E Suisse realisierte Anlage war mit viel Prestige verbunden gewesen \u2013 sie wurde 2010 mit dem Schweizer Solarpreis ausgezeichnet. Die Module hielten aufgrund der intensiven Sonneneinstrahlung den hohen Belastungen allerdings \u00abnicht so lange wie erwartet stand\u00bb, so die <a href=\"https:\/\/www.bkw.ch\/de\/kampagnen\/gemeinsamumdenken\/\" target=\"_blank\" rel=\"noopener\">BKW<\/a>. Deshalb wurde die Anlage nun komplett saniert. Mit ihrer Jahresproduktion deckt sie den gesamten Energiebedarf der Bergstation f\u00fcr Heizung, L\u00fcftung und Haustechnik.<\/p>\n<p><\/p>\n<p><strong>Quelle<\/strong>: <a href=\"http:\/\/energate-messenger.ch\" target=\"_blank\" rel=\"noopener\">energate-messenger.ch<\/a><\/p>\n<p><strong>Bild<\/strong>:\u00a0<a href=\"http:\/\/www.solaireflottant-lestoules.ch\/\" target=\"_blank\" rel=\"noopener\">www.solaireflottant-lestoules.ch<\/a><\/p>\n<p>\u00a0<\/p>\n","protected":false},"excerpt":{"rendered":"<p>In den Walliser Alpen haben in den letzten Wochen zwei Solarprojekte mit Vorzeigecharakter ihren Betrieb aufgenommen: Ein schwimmender Solarpark auf dem Lac des Toules und die sanierte Anlage am Bergrestaurant auf dem Kleinen Matterhorn.\u00a0 Romande Energie hat den ersten schwimmenden Solarpark in den Alpen nach sechs Jahren Studium in gut zehn Monaten auf dem Lac [&hellip;]<\/p>\n","protected":false},"author":1,"featured_media":43904,"comment_status":"closed","ping_status":"closed","sticky":false,"template":"","format":"standard","meta":{"_acf_changed":false,"footnotes":""},"categories":[204],"tags":[],"class_list":["post-43903","post","type-post","status-publish","format-standard","has-post-thumbnail","hentry","category-digitalisierung"],"acf":[],"_links":{"self":[{"href":"https:\/\/theark.ch\/de\/wp-json\/wp\/v2\/posts\/43903","targetHints":{"allow":["GET"]}}],"collection":[{"href":"https:\/\/theark.ch\/de\/wp-json\/wp\/v2\/posts"}],"about":[{"href":"https:\/\/theark.ch\/de\/wp-json\/wp\/v2\/types\/post"}],"author":[{"embeddable":true,"href":"https:\/\/theark.ch\/de\/wp-json\/wp\/v2\/users\/1"}],"replies":[{"embeddable":true,"href":"https:\/\/theark.ch\/de\/wp-json\/wp\/v2\/comments?post=43903"}],"version-history":[{"count":0,"href":"https:\/\/theark.ch\/de\/wp-json\/wp\/v2\/posts\/43903\/revisions"}],"wp:featuredmedia":[{"embeddable":true,"href":"https:\/\/theark.ch\/de\/wp-json\/wp\/v2\/media\/43904"}],"wp:attachment":[{"href":"https:\/\/theark.ch\/de\/wp-json\/wp\/v2\/media?parent=43903"}],"wp:term":[{"taxonomy":"category","embeddable":true,"href":"https:\/\/theark.ch\/de\/wp-json\/wp\/v2\/categories?post=43903"},{"taxonomy":"post_tag","embeddable":true,"href":"https:\/\/theark.ch\/de\/wp-json\/wp\/v2\/tags?post=43903"}],"curies":[{"name":"wp","href":"https:\/\/api.w.org\/{rel}","templated":true}]}}