{"id":44061,"date":"2020-03-03T11:53:16","date_gmt":"2020-03-03T10:53:16","guid":{"rendered":"http:\/\/theark.ch\/news\/plus-que-10-jours-pour-postuler-au-prix-createurs-bcvs\/"},"modified":"2024-11-21T18:21:18","modified_gmt":"2024-11-21T17:21:18","slug":"plus-que-10-jours-pour-postuler-au-prix-createurs-bcvs","status":"publish","type":"post","link":"https:\/\/theark.ch\/de\/news\/plus-que-10-jours-pour-postuler-au-prix-createurs-bcvs\/","title":{"rendered":"Nur noch wenige Tage"},"content":{"rendered":"<p style=\"text-align: justify;\"><strong>Die Bewerbungsfrist f\u00fcr den diesj\u00e4hrigen Prix Cr\u00e9ateurs WKB l\u00e4uft in den kommenden Tagen ab. Noch bis zum 16. M\u00e4rz 2020 k\u00f6nnen sich Kandidaten f\u00fcr eine Teilnahme bewerben. Drei wichtige Neuerungen erwarten die Teilnehmenden an dieser elften Ausgabe.<\/strong><\/p>\n<p style=\"text-align: justify;\">Der <a href=\"https:\/\/www.prixcreateurbcvs.ch\/de\/\" target=\"_blank\" rel=\"noopener\">Prix Cr\u00e9ateurs WKB<\/a>, der im Jahr 2007 ins Leben gerufen wurde, soll innovative und kreative Projekte aus dem Wallis auszeichnen und so Unternehmergeist und Kreativit\u00e4t f\u00f6rdern. Am 9. Juni erh\u00e4lt der Sieger im CERM in Martinach 10 000 Franken in bar und 15 000 Franken in Form eines Coachings.\u00a0<\/p>\n<p style=\"text-align: justify;\">Ausserdem gibt es neu f\u00fcnf statt drei Finalisten und der Gewinner des neuen Preises \u00abFavorit der ehemaligen Finalisten\u00bb kann 5 000 Franken mit nach Hause nehmen. Ziel dieser Anpassungen ist es, den zahlreichen innovativen Projekten, die sich f\u00fcr den Preis bewerben, mehr Sichtbarkeit zu bieten.\u00a0<\/p>\n<p style=\"text-align: justify;\">Der Wettbewerb richtet sich an Einzelpersonen und Unternehmen mit Sitz im Wallis, unabh\u00e4ngig ihres T\u00e4tigkeitsbereichs. Wenn Sie also ein innovatives Projekt haben, das Sie bis zum n\u00e4chsten Jahr umsetzen wollen, bereiten Sie Ihre Bewerbung vor und reichen Sie sie bis zum 16. M\u00e4rz ein!<\/p>\n<p style=\"text-align: justify;\">Die Teilnahmebedingungen und Regeln des Wettbewerbs sind <a href=\"https:\/\/www.prixcreateurbcvs.ch\/de\/page_simple\/bewerbung-36\" target=\"_blank\" rel=\"noopener\">hier<\/a> verf\u00fcgbar.<\/p>\n","protected":false},"excerpt":{"rendered":"<p>Die Bewerbungsfrist f\u00fcr den diesj\u00e4hrigen Prix Cr\u00e9ateurs WKB l\u00e4uft in den kommenden Tagen ab. Noch bis zum 16. M\u00e4rz 2020 k\u00f6nnen sich Kandidaten f\u00fcr eine Teilnahme bewerben. Drei wichtige Neuerungen erwarten die Teilnehmenden an dieser elften Ausgabe. Der Prix Cr\u00e9ateurs WKB, der im Jahr 2007 ins Leben gerufen wurde, soll innovative und kreative Projekte aus [&hellip;]<\/p>\n","protected":false},"author":1,"featured_media":44060,"comment_status":"closed","ping_status":"closed","sticky":false,"template":"","format":"standard","meta":{"_acf_changed":false,"footnotes":""},"categories":[204],"tags":[],"class_list":["post-44061","post","type-post","status-publish","format-standard","has-post-thumbnail","hentry","category-digitalisierung"],"acf":[],"_links":{"self":[{"href":"https:\/\/theark.ch\/de\/wp-json\/wp\/v2\/posts\/44061","targetHints":{"allow":["GET"]}}],"collection":[{"href":"https:\/\/theark.ch\/de\/wp-json\/wp\/v2\/posts"}],"about":[{"href":"https:\/\/theark.ch\/de\/wp-json\/wp\/v2\/types\/post"}],"author":[{"embeddable":true,"href":"https:\/\/theark.ch\/de\/wp-json\/wp\/v2\/users\/1"}],"replies":[{"embeddable":true,"href":"https:\/\/theark.ch\/de\/wp-json\/wp\/v2\/comments?post=44061"}],"version-history":[{"count":1,"href":"https:\/\/theark.ch\/de\/wp-json\/wp\/v2\/posts\/44061\/revisions"}],"predecessor-version":[{"id":44062,"href":"https:\/\/theark.ch\/de\/wp-json\/wp\/v2\/posts\/44061\/revisions\/44062"}],"wp:featuredmedia":[{"embeddable":true,"href":"https:\/\/theark.ch\/de\/wp-json\/wp\/v2\/media\/44060"}],"wp:attachment":[{"href":"https:\/\/theark.ch\/de\/wp-json\/wp\/v2\/media?parent=44061"}],"wp:term":[{"taxonomy":"category","embeddable":true,"href":"https:\/\/theark.ch\/de\/wp-json\/wp\/v2\/categories?post=44061"},{"taxonomy":"post_tag","embeddable":true,"href":"https:\/\/theark.ch\/de\/wp-json\/wp\/v2\/tags?post=44061"}],"curies":[{"name":"wp","href":"https:\/\/api.w.org\/{rel}","templated":true}]}}