{"id":44123,"date":"2020-03-30T17:14:08","date_gmt":"2020-03-30T15:14:08","guid":{"rendered":"http:\/\/theark.ch\/news\/remise-du-prix-createurs-bcvs-reportee-et-delai-de-candidature-prolonge\/"},"modified":"2024-11-21T18:21:44","modified_gmt":"2024-11-21T17:21:44","slug":"remise-du-prix-createurs-bcvs-reportee-et-delai-de-candidature-prolonge","status":"publish","type":"post","link":"https:\/\/theark.ch\/de\/news\/remise-du-prix-createurs-bcvs-reportee-et-delai-de-candidature-prolonge\/","title":{"rendered":"Preisverleihung Prix Cr\u00e9ateurs WKB verschoben und Bewerbungsfrist verl\u00e4ngert !"},"content":{"rendered":"<p style=\"text-align: justify;\"><strong>Aufgrund der Coronavirus-Pandemie wird die Preisverleihung des 11. Prix Cr\u00e9ateurs WKB, die urspr\u00fcnglich am 9. Juni vorgesehen war, auf den Mittwoch, 18. November 2020 verschoben. Bei der Feier werden fast 800 Personen erwartet. Im gleichen Zug wird auch die Projektausschreibung, die am 16. M\u00e4rz zu Ende ging, verl\u00e4ngert. Neue Frist f\u00fcr die Eingabe von Bewerbungsdossiers ist der 16. Mai 2020. Die Tr\u00e4ger von innovativen Ideen haben somit zwei weitere Monate Zeit, um ihre Bewerbung einzureichen oder ihr Dossier zu verfeinern. Es wurden bereits 69 Kandidaturen eingereicht (gegen\u00fcber 60 im letzten Jahr). Ein Zeichen f\u00fcr die Dynamik der Walliser Wirtschaft, die von der aktuellen Krise arg gebremst wird.\u00a0<\/strong><\/p>\n<p style=\"text-align: justify;\">Der <a href=\"https:\/\/www.prixcreateurbcvs.ch\/de\/\" target=\"_blank\" rel=\"noopener\">Prix Cr\u00e9ateurs WKB<\/a>, der zum 11. Mal vergeben wird, zeichnet innovative, von Einzelpersonen, KMU oder Start-ups entwickelte Projekte aus und f\u00f6rdert sie. Dank den Medienpartnern werden nicht nur die zwei Gewinner, sondern auch die f\u00fcnf Finalisten in Szene gesetzt. Sie werden am 18. November anl\u00e4sslich eines Galaabends im CERM von Martinach pr\u00e4sentiert.\u00a0<\/p>\n<p style=\"text-align: justify;\">Der Preistr\u00e4ger erh\u00e4lt CHF 10&#39;000 Cash und CHF 15&#39;000 Coaching-Leistungen. Der Gewinner des neuen Preises \u00abFavorit der ehemaligen Finalisten\u00bb erh\u00e4lt CHF 5&#39;000 Cash Preisgeld. Die f\u00fcnf von der Jury ausgew\u00e4hlten Finalisten 2020 werden Ende August 2020 bekannt gegeben. Anschliessend k\u00fcrt das Publikum via SMS- oder Internetabstimmung den Gewinner aus den f\u00fcnf Finalisten.\u00a0<\/p>\n<p style=\"text-align: justify;\"><\/p>\n<p><strong>Bewerbungsfrist bis zum 16. Mai 2020 verl\u00e4ngert<\/strong><\/p>\n<p>Im Zuge der Verschiebung des Galaabends wurde auch die Eingabefrist f\u00fcr die Bewerbungsdossiers verl\u00e4ngert, und zwar bis zum 16. Mai 2020. Die 69 Einzelpersonen oder Unternehmen, die ihre Bewerbung bereits eingereicht haben, k\u00f6nnen ihr Dossier w\u00e4hrend dieser Frist bei Bedarf anpassen. Auch neue Ideen k\u00f6nnen noch pr\u00e4sentiert werden.\u00a0<\/p>\n<p style=\"text-align: justify;\">Die Teilnahme steht allen Projekten von Einzelpersonen oder Gesellschaften aus dem Wallis offen, deren Umsetzung f\u00fcrs kommende Jahr geplant ist. Bestehende Unternehmen k\u00f6nnen ebenfalls mitmachen, indem sie eine neue Produkt- oder Dienstleistungsidee pr\u00e4sentieren. Die Projekte sollen vor allem innovativ und kreativ sein! Teilnehmen kann man online unter <a href=\"https:\/\/www.prixcreateurbcvs.ch\/de\/\" target=\"_blank\" rel=\"noopener\">www.prixcreateursbcvs.ch<\/a>.\u00a0<\/p>\n<p style=\"text-align: justify;\">Die Walliser Kantonalbank ist Partnerin und Initiatorin des Prix Cr\u00e9ateurs WKB. Aufgrund ihrer Vorrangstellung innerhalb der Walliser Wirtschaft nimmt sie eine f\u00fchrende Rolle in der Partnerschaft mit den Unternehmen und deren Gr\u00fcndern ein. Business Valais steht f\u00fcr die Wirtschaftsf\u00f6rderung des Kantons Wallis im Dienste des Unternehmertums. Als unumg\u00e4nglicher Partner der Walliser Wirtschaft, vor allem im Bereich der Gr\u00fcndung neuer Unternehmen, organisiert Business Valais diesen Preis zusammen mit der <a href=\"https:\/\/www.bcvs.ch\/de\/homepage.html\" target=\"_blank\" rel=\"noopener\">Walliser Kantonalbank<\/a>.<\/p>\n<p>\u00a0<\/p>\n<p><strong>Quelle :<\/strong> Pressemitteilung Prix Cr\u00e9ateurs WKB<\/p>\n","protected":false},"excerpt":{"rendered":"<p>Aufgrund der Coronavirus-Pandemie wird die Preisverleihung des 11. Prix Cr\u00e9ateurs WKB, die urspr\u00fcnglich am 9. Juni vorgesehen war, auf den Mittwoch, 18. November 2020 verschoben. Bei der Feier werden fast 800 Personen erwartet. Im gleichen Zug wird auch die Projektausschreibung, die am 16. M\u00e4rz zu Ende ging, verl\u00e4ngert. Neue Frist f\u00fcr die Eingabe von Bewerbungsdossiers [&hellip;]<\/p>\n","protected":false},"author":1,"featured_media":44122,"comment_status":"closed","ping_status":"closed","sticky":false,"template":"","format":"standard","meta":{"_acf_changed":false,"footnotes":""},"categories":[204],"tags":[],"class_list":["post-44123","post","type-post","status-publish","format-standard","has-post-thumbnail","hentry","category-digitalisierung"],"acf":[],"_links":{"self":[{"href":"https:\/\/theark.ch\/de\/wp-json\/wp\/v2\/posts\/44123","targetHints":{"allow":["GET"]}}],"collection":[{"href":"https:\/\/theark.ch\/de\/wp-json\/wp\/v2\/posts"}],"about":[{"href":"https:\/\/theark.ch\/de\/wp-json\/wp\/v2\/types\/post"}],"author":[{"embeddable":true,"href":"https:\/\/theark.ch\/de\/wp-json\/wp\/v2\/users\/1"}],"replies":[{"embeddable":true,"href":"https:\/\/theark.ch\/de\/wp-json\/wp\/v2\/comments?post=44123"}],"version-history":[{"count":1,"href":"https:\/\/theark.ch\/de\/wp-json\/wp\/v2\/posts\/44123\/revisions"}],"predecessor-version":[{"id":44124,"href":"https:\/\/theark.ch\/de\/wp-json\/wp\/v2\/posts\/44123\/revisions\/44124"}],"wp:featuredmedia":[{"embeddable":true,"href":"https:\/\/theark.ch\/de\/wp-json\/wp\/v2\/media\/44122"}],"wp:attachment":[{"href":"https:\/\/theark.ch\/de\/wp-json\/wp\/v2\/media?parent=44123"}],"wp:term":[{"taxonomy":"category","embeddable":true,"href":"https:\/\/theark.ch\/de\/wp-json\/wp\/v2\/categories?post=44123"},{"taxonomy":"post_tag","embeddable":true,"href":"https:\/\/theark.ch\/de\/wp-json\/wp\/v2\/tags?post=44123"}],"curies":[{"name":"wp","href":"https:\/\/api.w.org\/{rel}","templated":true}]}}