{"id":44185,"date":"2020-04-21T13:27:23","date_gmt":"2020-04-21T11:27:23","guid":{"rendered":"http:\/\/theark.ch\/news\/ubique-fondee-par-un-valaisan-developpe-une-application-pour-freiner-la-propagation-du-covid-19\/"},"modified":"2024-11-21T18:22:36","modified_gmt":"2024-11-21T17:22:36","slug":"ubique-fondee-par-un-valaisan-developpe-une-application-pour-freiner-la-propagation-du-covid-19","status":"publish","type":"post","link":"https:\/\/theark.ch\/de\/news\/ubique-fondee-par-un-valaisan-developpe-une-application-pour-freiner-la-propagation-du-covid-19\/","title":{"rendered":"Der Walliser Smartphone-Mann"},"content":{"rendered":"<p style=\"text-align: justify;\"><strong>Mathias Wellig hat sich mit einem erfolgreichen Gesch\u00e4ftsmodell innert weniger Jahre zu den wichtigsten Entwicklern von Smartphone-Apps in der Schweiz gemausert. Der \u00abWalliser Bote\u00bb hat dem umtriebigen Gesch\u00e4ftsf\u00fchrer des Z\u00fcrcher App-Entwicklers Ubique nun k\u00fcrzlich einen Bericht gewidmet.<\/strong><\/p>\n<p style=\"text-align: justify;\">Dass Herr und Frau Schweizer bereits einmal mit Mathias Wellig zu tun hatten, ist sehr gut m\u00f6glich. Schliesslich ist er als Gesch\u00e4ftsf\u00fchrer von <a href=\"https:\/\/www.ubique.ch\" target=\"_blank\" rel=\"noopener\">Ubique<\/a> einer der K\u00f6pfe hinter den schweizweit stark verbreiteten Apps von SBB, MeteoSchweiz und Alertswiss ist. \u00abDie Wahrscheinlichkeit, dass man als Schweizer mindestens eine unserer Apps auf dem Smartphone installiert hat, ist gross\u00bb, sagt Wellig im \u00abWalliser Boten\u00bb. Er geht von \u00fcber sieben Millionen installierten Apps aus.<\/p>\n<p>\u00a0<\/p>\n<p style=\"text-align: justify;\"><strong>Vom ersten iPhone gepackt<\/strong><\/p>\n<p>Aufgewachsen in Fiesch absolvierte Wellig das Kollegium Spiritus Sanctus in Brig und studierte anschliessend Informatik an der ETH Z\u00fcrich. Seine Leidenschaft hatte er mit dem ersten iPhone entdeckt. Und das zu einer Zeit, als diese noch bel\u00e4chelt wurden. Wellig gab sich nicht mit dessen Benutzung zufrieden, wollte verstehen und verbessern. Obwohl es so etwas wie den heute wohlbekannten App-Store noch nicht gab, begann er mit der Programmierung erster Apps.<\/p>\n<p style=\"text-align: justify;\">Die Szene sei damals sehr klein gewesen, so Wellig. Im Informatikstudium fand er dennoch Mitstreiter und gr\u00fcndete drei Jahre nach seinem ersten iPhone gemeinsam mit zwei Kommilitonen das Unternehmen Ubique, das sich auf die Programmierung von Apps spezialisierte. Zehn Jahr sp\u00e4ter besch\u00e4ftigt das Unternehmen \u00fcber vierzig Mitarbeitende, hat seinen Gesch\u00e4ftssitz unweit des Z\u00fcrcher Hauptbahnhofs und weist ein beachtliches Kundenportfolio auf.<\/p>\n<p>\u00a0<\/p>\n<p style=\"text-align: justify;\"><strong>Corona-App \u00abNext-Step\u00bb in Entwicklung<\/strong><\/p>\n<p>\u00abAuch wir befinden uns aufgrund der momentanen Situation derzeit im Homeoffice und haben uns \u00fcberlegt, welchen Beitrag wir leisten k\u00f6nnten, um die Situation schnellstm\u00f6glich f\u00fcr alle wieder ertr\u00e4glicher zu machen\u00bb, erkl\u00e4rt er gegen\u00fcber der Zeitung. Die L\u00f6sung: Mit der App \u00abNext Step\u00bb, die sich derzeit in der finalen Phase der Entwicklung befindet, soll man dem Coronavirus einen Schritt voraus sein, statt stets einen Schritt hinterherzuhinken.\u00a0<\/p>\n<p style=\"text-align: justify;\">Mittels Bluetooth-Technologie, die auf jedem Smartphone vorhanden ist, sammelt die kostenlose App alle Begegnungen. Die Daten werden lokal auf dem Ger\u00e4t gespeichert und erst im Fall einer Infektion mit den Daten anderer Nutzer verglichen. Treten beim Nutzer Symptome auf, gen\u00fcgt ein Knopfdruck, um alle Nutzer, mit welchen er in Kontakt war, zu informieren und sie zur Selbstisolation zu bewegen. Mittlerweile ist die App Teil eines l\u00e4nder\u00fcbergreifenden Projekts und wird selbst von Bundesr\u00e4tin Karin Keller-Sutter als \u00abinteressant\u00bb eingestuft.<\/p>\n<p>\u00a0<\/p>\n<p><strong>Quelle :<\/strong> Walliser Bote<\/p>\n<p>\u00a0<\/p>\n","protected":false},"excerpt":{"rendered":"<p>Mathias Wellig hat sich mit einem erfolgreichen Gesch\u00e4ftsmodell innert weniger Jahre zu den wichtigsten Entwicklern von Smartphone-Apps in der Schweiz gemausert. Der \u00abWalliser Bote\u00bb hat dem umtriebigen Gesch\u00e4ftsf\u00fchrer des Z\u00fcrcher App-Entwicklers Ubique nun k\u00fcrzlich einen Bericht gewidmet. Dass Herr und Frau Schweizer bereits einmal mit Mathias Wellig zu tun hatten, ist sehr gut m\u00f6glich. Schliesslich [&hellip;]<\/p>\n","protected":false},"author":1,"featured_media":44184,"comment_status":"closed","ping_status":"closed","sticky":false,"template":"","format":"standard","meta":{"_acf_changed":false,"footnotes":""},"categories":[204],"tags":[],"class_list":["post-44185","post","type-post","status-publish","format-standard","has-post-thumbnail","hentry","category-digitalisierung"],"acf":[],"_links":{"self":[{"href":"https:\/\/theark.ch\/de\/wp-json\/wp\/v2\/posts\/44185","targetHints":{"allow":["GET"]}}],"collection":[{"href":"https:\/\/theark.ch\/de\/wp-json\/wp\/v2\/posts"}],"about":[{"href":"https:\/\/theark.ch\/de\/wp-json\/wp\/v2\/types\/post"}],"author":[{"embeddable":true,"href":"https:\/\/theark.ch\/de\/wp-json\/wp\/v2\/users\/1"}],"replies":[{"embeddable":true,"href":"https:\/\/theark.ch\/de\/wp-json\/wp\/v2\/comments?post=44185"}],"version-history":[{"count":1,"href":"https:\/\/theark.ch\/de\/wp-json\/wp\/v2\/posts\/44185\/revisions"}],"predecessor-version":[{"id":44186,"href":"https:\/\/theark.ch\/de\/wp-json\/wp\/v2\/posts\/44185\/revisions\/44186"}],"wp:featuredmedia":[{"embeddable":true,"href":"https:\/\/theark.ch\/de\/wp-json\/wp\/v2\/media\/44184"}],"wp:attachment":[{"href":"https:\/\/theark.ch\/de\/wp-json\/wp\/v2\/media?parent=44185"}],"wp:term":[{"taxonomy":"category","embeddable":true,"href":"https:\/\/theark.ch\/de\/wp-json\/wp\/v2\/categories?post=44185"},{"taxonomy":"post_tag","embeddable":true,"href":"https:\/\/theark.ch\/de\/wp-json\/wp\/v2\/tags?post=44185"}],"curies":[{"name":"wp","href":"https:\/\/api.w.org\/{rel}","templated":true}]}}