{"id":44233,"date":"2020-05-07T16:28:07","date_gmt":"2020-05-07T14:28:07","guid":{"rendered":"http:\/\/theark.ch\/news\/le-valais-soutient-les-start-ups-en-participant-au-programme-federal-de-cautionnement\/"},"modified":"2024-11-21T18:23:20","modified_gmt":"2024-11-21T17:23:20","slug":"le-valais-soutient-les-start-ups-en-participant-au-programme-federal-de-cautionnement","status":"publish","type":"post","link":"https:\/\/theark.ch\/de\/news\/le-valais-soutient-les-start-ups-en-participant-au-programme-federal-de-cautionnement\/","title":{"rendered":"Das Wallis unterst\u00fctzt Startups und nimmt am B\u00fcrgschaftsprogramm des Bundes teil"},"content":{"rendered":"<p style=\"text-align: justify;\"><strong>Die Krise im Zusammenhang mit der Coronavirus-Pandemie (COVID-19) wirkt sich auf Startups aus und kann ihr Wachstum erheblich bremsen. Aufgrund der spezifischen Gesch\u00e4ftsmodelle konnten Startups bisher nur sehr eingeschr\u00e4nkt oder gar nicht auf die Notmassnahmen des Bundes zur\u00fcckgreifen. Nun startet der Bund ein B\u00fcrgschaftsprogramm. Der Staatsrat hat entschieden, daran teilzunehmen und junge, innovative Walliser Unternehmen zu unterst\u00fctzen, denen dadurch eine kurzfristige Finanzierungsl\u00f6sung geboten wird, die allf\u00e4llige coronabedingte Entwicklungsverz\u00f6gerungen ausgleichen soll.\u00a0<\/strong><\/p>\n<p style=\"text-align: justify;\">Die vom Bundesrat im M\u00e4rz beschlossenen Notmassnahmen entsprechen nicht den spezifischen Bed\u00fcrfnissen von Startups. Im Gegensatz zu den traditionellen Unternehmen geht es hierbei nicht darum, einen pl\u00f6tzlichen Umsatzverlust auszugleichen. Startups sind viel st\u00e4rker vom R\u00fcckzug bestimmter Investoren und der Verz\u00f6gerung oder Einstellung von Finanzierungsmitteln betroffen.\u00a0<\/p>\n<p style=\"text-align: justify;\">Der Bundesrat hat am 22. April 2020 beschlossen, das bereits bestehende B\u00fcrgschaftswesen f\u00fcr KMU f\u00fcr die Unterst\u00fctzung von Startups zu nutzen. Der Bund ist bereit, 65 Prozent des Verlustrisikos bei den Krediten zu verb\u00fcrgen, sofern die Kantone die restlichen 35 Prozent des Risikos tragen. Der Bund stellt dazu 100 Millionen Franken zur Verf\u00fcgung. Auf diese Weise k\u00f6nnen gemeinsam mit dem Anteil der Kantone (35 Prozent) Kredite von bis zu 154 Millionen Franken f\u00fcr Startups verb\u00fcrgt werden.\u00a0<\/p>\n<p style=\"text-align: justify;\">Seit vielen Jahren f\u00f6rdert der <a href=\"https:\/\/www.vs.ch\/de\" target=\"_blank\" rel=\"noopener\">Kanton Wallis<\/a> die Entwicklung von innovativen Aktivit\u00e4ten mit hoher Wertsch\u00f6pfung und er geh\u00f6rt zu den Top 5 der Schweizer Kantone in Bezug auf die Gr\u00fcndung von Startups. Die Walliser Regierung hat daher beschlossen, sich mit 3&#39;500&#39;000 Franken am Unterst\u00fctzungsprogramm des Bundes zu beteiligen, das die Vergabe von B\u00fcrgschaften bis zu einem Gesamtbetrag von 10 Millionen Franken zugunsten aussichtsreicher junger Walliser Unternehmen erm\u00f6glicht.\u00a0<\/p>\n<p style=\"text-align: justify;\">Den Unternehmen, die f\u00fcr diese Hilfe infrage kommen, wird empfohlen, sich vorab an das <a href=\"https:\/\/www.ccf-valais.ch\/de\" target=\"_blank\" rel=\"noopener\">B\u00fcrgschafts- und Finanzzentrum<\/a> (CCF AG), die Finanzierungsinstitution der kantonalen Wirtschaftsf\u00f6rderung, zu richten, um eine erste Analyse durchzuf\u00fchren und die Antr\u00e4ge vorzubereiten. Letztere m\u00fcssen danach bis zum 31. August 2020 direkt via Webseite des Bundes, <a href=\"https:\/\/covid19.easygov.swiss\" target=\"_blank\" rel=\"noopener\">https:\/\/covid19.easygov.swiss<\/a>, eingereicht werden.\u00a0<\/p>\n<p style=\"text-align: justify;\">Mit dieser neuen Unterst\u00fctzungsmassnahme f\u00fcr die Walliser Wirtschaft bekr\u00e4ftigt der Kanton Wallis seine Unterst\u00fctzung der Startups, indem er ihnen hilft, diese unsicheren Zeiten zu bew\u00e4ltigen.<\/p>\n<p style=\"text-align: justify;\">Quelle : Medienmitteilungen des Kantons Wallis<\/p>\n<p style=\"text-align: justify;\">\u00a0<\/p>\n","protected":false},"excerpt":{"rendered":"<p>Die Krise im Zusammenhang mit der Coronavirus-Pandemie (COVID-19) wirkt sich auf Startups aus und kann ihr Wachstum erheblich bremsen. Aufgrund der spezifischen Gesch\u00e4ftsmodelle konnten Startups bisher nur sehr eingeschr\u00e4nkt oder gar nicht auf die Notmassnahmen des Bundes zur\u00fcckgreifen. Nun startet der Bund ein B\u00fcrgschaftsprogramm. Der Staatsrat hat entschieden, daran teilzunehmen und junge, innovative Walliser Unternehmen [&hellip;]<\/p>\n","protected":false},"author":1,"featured_media":44232,"comment_status":"closed","ping_status":"closed","sticky":false,"template":"","format":"standard","meta":{"_acf_changed":false,"footnotes":""},"categories":[204],"tags":[],"class_list":["post-44233","post","type-post","status-publish","format-standard","has-post-thumbnail","hentry","category-digitalisierung"],"acf":[],"_links":{"self":[{"href":"https:\/\/theark.ch\/de\/wp-json\/wp\/v2\/posts\/44233","targetHints":{"allow":["GET"]}}],"collection":[{"href":"https:\/\/theark.ch\/de\/wp-json\/wp\/v2\/posts"}],"about":[{"href":"https:\/\/theark.ch\/de\/wp-json\/wp\/v2\/types\/post"}],"author":[{"embeddable":true,"href":"https:\/\/theark.ch\/de\/wp-json\/wp\/v2\/users\/1"}],"replies":[{"embeddable":true,"href":"https:\/\/theark.ch\/de\/wp-json\/wp\/v2\/comments?post=44233"}],"version-history":[{"count":1,"href":"https:\/\/theark.ch\/de\/wp-json\/wp\/v2\/posts\/44233\/revisions"}],"predecessor-version":[{"id":44234,"href":"https:\/\/theark.ch\/de\/wp-json\/wp\/v2\/posts\/44233\/revisions\/44234"}],"wp:featuredmedia":[{"embeddable":true,"href":"https:\/\/theark.ch\/de\/wp-json\/wp\/v2\/media\/44232"}],"wp:attachment":[{"href":"https:\/\/theark.ch\/de\/wp-json\/wp\/v2\/media?parent=44233"}],"wp:term":[{"taxonomy":"category","embeddable":true,"href":"https:\/\/theark.ch\/de\/wp-json\/wp\/v2\/categories?post=44233"},{"taxonomy":"post_tag","embeddable":true,"href":"https:\/\/theark.ch\/de\/wp-json\/wp\/v2\/tags?post=44233"}],"curies":[{"name":"wp","href":"https:\/\/api.w.org\/{rel}","templated":true}]}}