{"id":44437,"date":"2020-08-18T11:57:33","date_gmt":"2020-08-18T09:57:33","guid":{"rendered":"http:\/\/theark.ch\/news\/walliser-forscher-entwickeln-unvoreingenommene-gesichtserkennung\/"},"modified":"2020-08-18T11:57:33","modified_gmt":"2020-08-18T09:57:33","slug":"walliser-forscher-entwickeln-unvoreingenommene-gesichtserkennung","status":"publish","type":"post","link":"https:\/\/theark.ch\/de\/news\/walliser-forscher-entwickeln-unvoreingenommene-gesichtserkennung\/","title":{"rendered":"Walliser Forscher entwickeln unvoreingenommene Gesichtserkennung"},"content":{"rendered":"<p style=\"text-align: justify;\"><strong>Das Idiap arbeitet derzeit an der Entwicklung von Algorithmen zur Gesichtserkennung. Diese sollen unabh\u00e4ngig von ethnischen oder geschlechtsspezifischen Merkmalen funktionieren.<\/strong><\/p>\n<p style=\"text-align: justify;\">Das Forschungsinstitut <a href=\"https:\/\/www.idiap.ch\/en\/front-page?set_language=en\" target=\"_blank\" rel=\"noopener\">Idiap<\/a> in Martinach investiert in die Entwicklung eines unvoreingenommenen Gesichtserkennungssystems. Gem\u00e4ss Mitteilung wird das Projekt als Teil einer Partnerschaft mit einem nicht genannten Unternehmen, das im Sicherheitsbereich t\u00e4tig ist, realisiert.\u00a0<\/p>\n<p style=\"text-align: justify;\">Gemeinsam will man Algorithmen entwickeln, die Gesichter unabh\u00e4ngig von ihrer ethnischen Herkunft oder ihrem Geschlecht erkennen k\u00f6nnen. Daf\u00fcr sei es notwendig, die Algorithmen anhand einer repr\u00e4sentativen Bilddatenbank zu schulen. F\u00fcr diese Bilddatenbank forderte das Idiap deshalb etwa 15 seiner Studierenden auf, mehrere Millionen Bilder zu beschriften.\u00a0<\/p>\n<p style=\"text-align: justify;\">Diese w\u00fcrden dadurch Metadaten generieren, erkl\u00e4rte S\u00e9bastien Marcel, Leiter der Forschungsgruppe. Die Datenbank soll eine ausgewogene Anzahl an Bildern von Gesichtern mit verschiedenen Attributen beinhalten. \u00abMit Hilfe der Datenbank werden wir entweder Algorithmen erstellen oder die Verzerrungen bestehender Modelle korrigieren\u00bb, f\u00fcgte er hinzu.<\/p>\n<p style=\"text-align: justify;\">Die interne Erstellung dieser Datenbank habe mehrere Vorteile. Da das Projekt mit einem Industriepartner durchgef\u00fchrt wird, k\u00f6nne man die Daten aus Sicherheitsgr\u00fcnden nicht nach aussen weitergegeben. \u00abWenn wir die Arbeit selbst erledigen, k\u00f6nnen wir auch die Qualit\u00e4t unserer Datenbank schneller \u00fcberpr\u00fcfen\u00bb, so der Leiter der Forschungsgruppe.<\/p>\n<p>\u00a0<\/p>\n<p><strong>Quelle:<\/strong> <a href=\"https:\/\/www.netzwoche.ch\/news\/2020-08-12\/walliser-forscher-arbeiten-an-unvoreingenommener-gesichtserkennung\" target=\"_blank\" rel=\"noopener\">Bericht auf Netzwoche.ch<\/a>\u00a0<\/p>\n<p>\u00a0<\/p>\n","protected":false},"excerpt":{"rendered":"<p>Das Idiap arbeitet derzeit an der Entwicklung von Algorithmen zur Gesichtserkennung. Diese sollen unabh\u00e4ngig von ethnischen oder geschlechtsspezifischen Merkmalen funktionieren. Das Forschungsinstitut Idiap in Martinach investiert in die Entwicklung eines unvoreingenommenen Gesichtserkennungssystems. Gem\u00e4ss Mitteilung wird das Projekt als Teil einer Partnerschaft mit einem nicht genannten Unternehmen, das im Sicherheitsbereich t\u00e4tig ist, realisiert.\u00a0 Gemeinsam will man [&hellip;]<\/p>\n","protected":false},"author":1,"featured_media":44438,"comment_status":"closed","ping_status":"closed","sticky":false,"template":"","format":"standard","meta":{"_acf_changed":false,"footnotes":""},"categories":[204],"tags":[],"class_list":["post-44437","post","type-post","status-publish","format-standard","has-post-thumbnail","hentry","category-digitalisierung"],"acf":[],"_links":{"self":[{"href":"https:\/\/theark.ch\/de\/wp-json\/wp\/v2\/posts\/44437","targetHints":{"allow":["GET"]}}],"collection":[{"href":"https:\/\/theark.ch\/de\/wp-json\/wp\/v2\/posts"}],"about":[{"href":"https:\/\/theark.ch\/de\/wp-json\/wp\/v2\/types\/post"}],"author":[{"embeddable":true,"href":"https:\/\/theark.ch\/de\/wp-json\/wp\/v2\/users\/1"}],"replies":[{"embeddable":true,"href":"https:\/\/theark.ch\/de\/wp-json\/wp\/v2\/comments?post=44437"}],"version-history":[{"count":0,"href":"https:\/\/theark.ch\/de\/wp-json\/wp\/v2\/posts\/44437\/revisions"}],"wp:featuredmedia":[{"embeddable":true,"href":"https:\/\/theark.ch\/de\/wp-json\/wp\/v2\/media\/44438"}],"wp:attachment":[{"href":"https:\/\/theark.ch\/de\/wp-json\/wp\/v2\/media?parent=44437"}],"wp:term":[{"taxonomy":"category","embeddable":true,"href":"https:\/\/theark.ch\/de\/wp-json\/wp\/v2\/categories?post=44437"},{"taxonomy":"post_tag","embeddable":true,"href":"https:\/\/theark.ch\/de\/wp-json\/wp\/v2\/tags?post=44437"}],"curies":[{"name":"wp","href":"https:\/\/api.w.org\/{rel}","templated":true}]}}