{"id":44589,"date":"2020-10-01T16:38:47","date_gmt":"2020-10-01T14:38:47","guid":{"rendered":"http:\/\/theark.ch\/news\/creation-dentreprises-le-valais-au-dessus-de-la-moyenne-suisse\/"},"modified":"2024-11-21T18:26:59","modified_gmt":"2024-11-21T17:26:59","slug":"creation-dentreprises-le-valais-au-dessus-de-la-moyenne-suisse","status":"publish","type":"post","link":"https:\/\/theark.ch\/de\/news\/creation-dentreprises-le-valais-au-dessus-de-la-moyenne-suisse\/","title":{"rendered":"Wallis bei Firmengr\u00fcndungen vorne dabei"},"content":{"rendered":"<p style=\"text-align: justify;\"><strong>Herr und Frau Walliser haben Unternehmergeist. Gem\u00e4ss der j\u00fcngsten nationalen Studie des IFJ (Institut f\u00fcr Jungunternehmen) wurden im Wallis in den ersten neun Monaten des Jahres 4,29 Unternehmen pro 100&#39;000 Einwohner gegr\u00fcndet (+8,2% im Vergleich zum gleichen Zeitraum 2019). Mit dieser Zahl liegt das Wallis unter den Kantonen auf Platz 8 und damit \u00fcber dem Durchschnitt. Generell sind in der Schweiz noch nie so viele neue Unternehmen gegr\u00fcndet worden wie heute.\u00a0<\/strong><\/p>\n<p style=\"text-align: justify;\">\u00abDie Schweiz trotzt dem gegenw\u00e4rtigen Wirtschaftsklima\u00bb, schreibt die <a href=\"https:\/\/www.ifj.ch\/de\" target=\"_blank\" rel=\"noopener\">IJF<\/a> in der Einleitung der entsprechenden Studie. In den ersten drei Quartalen des aktuellen Jahres wurden insgesamt 33\u2019617 neue Unternehmen gegr\u00fcndet, ein Anstieg von 2,5% im Vergleich zum Rekordjahr 2019. Im Durchschnitt wurden dieses Jahr in der Schweiz 4,28 neue Unternehmen pro 1&#39;000 Einwohner gegr\u00fcndet.\u00a0<\/p>\n<p style=\"text-align: justify;\">Die nationale Analyse des IFJ zeigt weiter, dass der Kanton Zug mit 13,7 neu gegr\u00fcndeten Unternehmen pro 1&#39;000 Einwohner mit Abstand f\u00fchrend ist, gefolgt von den Kantonen Appenzell Innerrhoden, Schwyz, Genf und Basel-Stadt. Auch die Westschweizer Kantone Genf und Wallis liegen \u00fcber dem Schweizer Durchschnitt. Im Wallis sind seit Anfang 2020 bereits 1&#39;477 Unternehmen gegr\u00fcndet worden.\u00a0<\/p>\n<p style=\"text-align: justify;\">\u00a0<\/p>\n<p style=\"text-align: justify;\"><strong>Anhaltender Anstieg erwartet<\/strong><\/p>\n<p>Aufgrund der Massnahmen in Zusammenhang mit dem Coronavirus kam es im M\u00e4rz (-5,4%), April (-25,1%) und Mai (-13,4%) zu R\u00fcckg\u00e4ngen bei den Unternehmensgr\u00fcndungen. Dieser R\u00fcckgang wurde in den darauffolgenden Monaten ausgeglichen: +24,8% im Juni, +11,1% im Juli, +17,9% im August und +18,3% im September. Laut IFJ \u00abist das Vertrauen der Unternehmer in der Schweiz stabil und d\u00fcrfte 2020 weiter zunehmen\u00bb.<\/p>\n<p><\/p>\n<p><strong>Quelle:<\/strong> IFJ<\/p>\n<p>\u00a0<\/p>\n","protected":false},"excerpt":{"rendered":"<p>Herr und Frau Walliser haben Unternehmergeist. Gem\u00e4ss der j\u00fcngsten nationalen Studie des IFJ (Institut f\u00fcr Jungunternehmen) wurden im Wallis in den ersten neun Monaten des Jahres 4,29 Unternehmen pro 100&#39;000 Einwohner gegr\u00fcndet (+8,2% im Vergleich zum gleichen Zeitraum 2019). Mit dieser Zahl liegt das Wallis unter den Kantonen auf Platz 8 und damit \u00fcber dem [&hellip;]<\/p>\n","protected":false},"author":1,"featured_media":44588,"comment_status":"closed","ping_status":"closed","sticky":false,"template":"","format":"standard","meta":{"_acf_changed":false,"footnotes":""},"categories":[204],"tags":[],"class_list":["post-44589","post","type-post","status-publish","format-standard","has-post-thumbnail","hentry","category-digitalisierung"],"acf":[],"_links":{"self":[{"href":"https:\/\/theark.ch\/de\/wp-json\/wp\/v2\/posts\/44589","targetHints":{"allow":["GET"]}}],"collection":[{"href":"https:\/\/theark.ch\/de\/wp-json\/wp\/v2\/posts"}],"about":[{"href":"https:\/\/theark.ch\/de\/wp-json\/wp\/v2\/types\/post"}],"author":[{"embeddable":true,"href":"https:\/\/theark.ch\/de\/wp-json\/wp\/v2\/users\/1"}],"replies":[{"embeddable":true,"href":"https:\/\/theark.ch\/de\/wp-json\/wp\/v2\/comments?post=44589"}],"version-history":[{"count":1,"href":"https:\/\/theark.ch\/de\/wp-json\/wp\/v2\/posts\/44589\/revisions"}],"predecessor-version":[{"id":44590,"href":"https:\/\/theark.ch\/de\/wp-json\/wp\/v2\/posts\/44589\/revisions\/44590"}],"wp:featuredmedia":[{"embeddable":true,"href":"https:\/\/theark.ch\/de\/wp-json\/wp\/v2\/media\/44588"}],"wp:attachment":[{"href":"https:\/\/theark.ch\/de\/wp-json\/wp\/v2\/media?parent=44589"}],"wp:term":[{"taxonomy":"category","embeddable":true,"href":"https:\/\/theark.ch\/de\/wp-json\/wp\/v2\/categories?post=44589"},{"taxonomy":"post_tag","embeddable":true,"href":"https:\/\/theark.ch\/de\/wp-json\/wp\/v2\/tags?post=44589"}],"curies":[{"name":"wp","href":"https:\/\/api.w.org\/{rel}","templated":true}]}}