{"id":46404,"date":"2016-01-04T18:31:49","date_gmt":"2016-01-04T17:31:49","guid":{"rendered":"http:\/\/theark.ch\/news\/comment-integrer-votre-entreprise-a-un-projet-europeen-h2020\/"},"modified":"2024-11-21T18:50:30","modified_gmt":"2024-11-21T17:50:30","slug":"comment-integrer-votre-entreprise-a-un-projet-europeen-h2020","status":"publish","type":"post","link":"https:\/\/theark.ch\/de\/news\/comment-integrer-votre-entreprise-a-un-projet-europeen-h2020\/","title":{"rendered":"Comment int\u00e9grer votre entreprise \u00e0 un projet europ\u00e9en H2020 ?"},"content":{"rendered":"<p><strong>Date<\/strong>\u00a0: 3 f\u00e9vrier 2016 13h30-17h00<\/p>\n<p><strong>Lieu<\/strong>\u00a0: Sion, HES-SO Valais Wallis (salle BR01)\u00a0<\/p>\n<p>Entr\u00e9e libre, mais inscription obligatoire<\/p>\n<p>\u00a0<\/p>\n<p>Consacr\u00e9e au <a href=\"https:\/\/ec.europa.eu\/programmes\/horizon2020\/sites\/horizon2020\/files\/H2020_FR_KI0213413FRN.pdf\" target=\"_blank\" rel=\"noopener\">programme de recherche europ\u00e9en HORIZON2020<\/a>, cette manifestation vous informera des possibilit\u00e9s de financement propos\u00e9es dans les domaines des TIC (Technologies de l\u2019Information et de la Communication) et de l\u2019\u00e9nergie.<\/p>\n<p>Des t\u00e9moignages concernant la pr\u00e9paration, l\u2019\u00e9valuation et la r\u00e9alisation de projets europ\u00e9ens dans ces domaines vous fourniront aussi un aper\u00e7u d\u00e9taill\u00e9 des conditions de participation \u00e0 HORIZON2020 et des retours d\u2019exp\u00e9riences pr\u00e9cieux pour le montage de nouvelles propositions de projets.<\/p>\n<p>Dans une deuxi\u00e8me partie, vous pourrez en apprendre davantage sur l&#39;\u00e9valuation des projets dans HORIZON2020 et obtenir des conseils pratiques pour la r\u00e9daction de propositions gagnantes.<\/p>\n<p>Les pr\u00e9sentations et les discussions se tiendront en fran\u00e7ais ou en anglais, sans traduction.<\/p>\n<p><strong>N\u2019h\u00e9sitez pas \u00e0 participer \u00e0 cette manifestation, mise sur pied par la <a href=\"http:\/\/www.hevs.ch\" target=\"_blank\" rel=\"noopener\">HES-SO Valais Wallis<\/a>.<\/strong><\/p>\n<p>\u00a0<\/p>\n<p><a href=\"https:\/\/www.euresearch.ch\/en\/events\/event-detail\/showUid\/408\" target=\"_blank\" rel=\"noopener\">Programme complet de la manifestation et inscriptions<\/a><\/p>\n","protected":false},"excerpt":{"rendered":"<p>Date\u00a0: 3 f\u00e9vrier 2016 13h30-17h00 Lieu\u00a0: Sion, HES-SO Valais Wallis (salle BR01)\u00a0 Entr\u00e9e libre, mais inscription obligatoire \u00a0 Consacr\u00e9e au programme de recherche europ\u00e9en HORIZON2020, cette manifestation vous informera des possibilit\u00e9s de financement propos\u00e9es dans les domaines des TIC (Technologies de l\u2019Information et de la Communication) et de l\u2019\u00e9nergie. Des t\u00e9moignages concernant la pr\u00e9paration, l\u2019\u00e9valuation [&hellip;]<\/p>\n","protected":false},"author":1,"featured_media":0,"comment_status":"closed","ping_status":"closed","sticky":false,"template":"","format":"standard","meta":{"_acf_changed":false,"footnotes":""},"categories":[224],"tags":[],"class_list":["post-46404","post","type-post","status-publish","format-standard","hentry","category-umwelt-und-energie"],"acf":[],"_links":{"self":[{"href":"https:\/\/theark.ch\/de\/wp-json\/wp\/v2\/posts\/46404","targetHints":{"allow":["GET"]}}],"collection":[{"href":"https:\/\/theark.ch\/de\/wp-json\/wp\/v2\/posts"}],"about":[{"href":"https:\/\/theark.ch\/de\/wp-json\/wp\/v2\/types\/post"}],"author":[{"embeddable":true,"href":"https:\/\/theark.ch\/de\/wp-json\/wp\/v2\/users\/1"}],"replies":[{"embeddable":true,"href":"https:\/\/theark.ch\/de\/wp-json\/wp\/v2\/comments?post=46404"}],"version-history":[{"count":1,"href":"https:\/\/theark.ch\/de\/wp-json\/wp\/v2\/posts\/46404\/revisions"}],"predecessor-version":[{"id":46405,"href":"https:\/\/theark.ch\/de\/wp-json\/wp\/v2\/posts\/46404\/revisions\/46405"}],"wp:attachment":[{"href":"https:\/\/theark.ch\/de\/wp-json\/wp\/v2\/media?parent=46404"}],"wp:term":[{"taxonomy":"category","embeddable":true,"href":"https:\/\/theark.ch\/de\/wp-json\/wp\/v2\/categories?post=46404"},{"taxonomy":"post_tag","embeddable":true,"href":"https:\/\/theark.ch\/de\/wp-json\/wp\/v2\/tags?post=46404"}],"curies":[{"name":"wp","href":"https:\/\/api.w.org\/{rel}","templated":true}]}}