{"id":46842,"date":"2025-01-27T08:09:40","date_gmt":"2025-01-27T07:09:40","guid":{"rendered":"https:\/\/theark.ch\/?p=46842"},"modified":"2025-05-19T16:50:27","modified_gmt":"2025-05-19T14:50:27","slug":"erneut-ein-rekordjahr-bei-den-firmengrundungen","status":"publish","type":"post","link":"https:\/\/theark.ch\/de\/news\/erneut-ein-rekordjahr-bei-den-firmengrundungen\/","title":{"rendered":"erneut ein rekordjahr bei den firmengr\u00fcndungen"},"content":{"rendered":"\n<h5 class=\"wp-block-heading\"><strong><strong>noch nie sind in der schweiz so viele unternehmen gegr\u00fcndet worden wie im letzten jahr. gem\u00e4ss einer aktuellen studie des ifj institut f\u00fcr jungunternehmen wurden insgesamt 52&#8217;978 neugr\u00fcndungen registriert \u2013 und damit das rekordjahr 2023 \u00fcbertroffen. die erneute steigerung um 2.6% unterstreicht das anhaltende wachstum und die attraktivit\u00e4t des unternehmensstandortes schweiz. im kantonsvergleich zeigt sich: auch im wallis wurde deutlich mehr neueintragungen registriert.<\/strong><\/strong><\/h5>\n\n\n\n<p>mit fast 53\u2019000 firmengr\u00fcndungen wurde im vergangenen jahr ein neuer schweizer gr\u00fcndungsrekord aufgestellt. simon may, co-gesch\u00e4ftsf\u00fchrer des <a href=\"https:\/\/www.ifj.ch\/de\" target=\"_blank\" rel=\"noopener\">ifj<\/a>, erkl\u00e4rt: \u00abder kontinuierliche anstieg der firmengr\u00fcndungen widerspiegelt den wunsch vieler menschen nach beruflicher selbstverwirklichung und unabh\u00e4ngigkeit. insbesondere die zunahme der teilzeitselbst\u00e4ndigkeit bietet vielen gr\u00fcnderinnen und gr\u00fcndern die m\u00f6glichkeit, den schritt in die selbst\u00e4ndigkeit mit geringem risiko zu wagen.\u00bb<\/p>\n\n\n\n<h5 class=\"wp-block-heading\"><strong>deutlich mehr neueintragungen im wallis<\/strong><\/h5>\n\n\n\n<p>im jahr 2024 war die s\u00fcdwestschweiz (+6.3%) die grossregion mit dem st\u00e4rksten zuwachs an neugr\u00fcndungen. das espace mittelland (+3.4%) und das tessin (+3.0%) verzeichneten ebenfalls ein deutliches wachstum im vergleich zur vorjahresperiode. ein moderates wachstum war in den regionen zentralschweiz (+2.0%), z\u00fcrich (+1.2%) und ostschweiz (+1.1%) festzustellen. in der region nordwestschweiz wurde als einzige eine abnahme von -1.0% registriert. mit 2580 neuen eintr\u00e4gen im jahr 2024 konnte auch der kanton wallis ein deutliches plus gegen\u00fcber dem vorjahr verzeichnen (+10,7%).<br><br>in der schweiz waren einzelfirmen im jahr 2024 die am st\u00e4rksten wachsende rechtsform, mit einem zuwachs von +3.4% gegen\u00fcber der vorjahresperiode. die aktiengesellschaft (ag) folgte mit einem soliden wachstum von +2.4%, w\u00e4hrend die gesellschaft mit beschr\u00e4nkter haftung (gmbh) um +1.5% zulegen konnte und weiterhin die beliebteste rechtsform bei neugr\u00fcndungen bleibt. bei der ebenfalls relevanten rechtsform kollektivgesellschaft wurde ein r\u00fcckgang von -1.2% verzeichnet.<\/p>\n\n\n\n<h5 class=\"wp-block-heading\"><strong>technologiebasierte startups unter den rekordwerten<\/strong><\/h5>\n\n\n\n<p>die drei branchen, die es im jahr 2024 aufs podest geschafft haben, sind handwerk (5&#8217;555 gr\u00fcndungen), beratung (5&#8217;256 gr\u00fcndungen) und immobilienwesen (4&#8217;883 gr\u00fcndungen). dicht gefolgt von detailhandel (4&#8217;585 gr\u00fcndungen) und b2b &amp; b2c dienstleistungen (4&#8217;379 gr\u00fcndungen). spannend zu beobachten ist jedoch, dass die schweizer gr\u00fcndungslandschaft sich mit den 21 in der studie zugeteilten branchen sehr divers gestaltet hat.<\/p>\n\n\n\n<p>im umfeld der technologiebasierten startups war das finanzierungsvolumen laut ifj zwar noch unter den rekordwerten der jahre 2021 und 2022, jedoch gebe es verschiedene positive signale. dazu z\u00e4hlen steigende investitionen in den bereichen bio- und medtech, eine steigende anzahl an f\u00f6rderinitiativen und der umstand, dass horizon europa ab januar 2025 wieder f\u00fcr schweizer beteiligungen zug\u00e4nglich ist. dies unterstreiche die f\u00fchrende position der schweiz im globalen innovationsumfeld, so ifj.<br><br><strong>quelle:<\/strong> <a href=\"https:\/\/www.ifj.ch\/Neugruendungen-in-der-Schweiz-2024\" target=\"_blank\" rel=\"noopener\">ifj institut f\u00fcr jungunternehmen<\/a><\/p>\n","protected":false},"excerpt":{"rendered":"<p>noch nie sind in der schweiz so viele unternehmen gegr\u00fcndet worden wie im letzten jahr. gem\u00e4ss einer aktuellen studie des ifj institut f\u00fcr jungunternehmen wurden insgesamt 52&#8217;978 neugr\u00fcndungen registriert. die erneute steigerung um 2.6% unterstreicht das anhaltende wachstum und die attraktivit\u00e4t des unternehmensstandortes schweiz. im kantonsvergleich zeigt sich: auch im wallis wurde deutlich mehr neueintragungen registriert.<\/p>\n","protected":false},"author":3,"featured_media":47030,"comment_status":"closed","ping_status":"closed","sticky":false,"template":"","format":"standard","meta":{"_acf_changed":false,"footnotes":""},"categories":[218],"tags":[],"class_list":["post-46842","post","type-post","status-publish","format-standard","has-post-thumbnail","hentry","category-industrie-de"],"acf":[],"_links":{"self":[{"href":"https:\/\/theark.ch\/de\/wp-json\/wp\/v2\/posts\/46842","targetHints":{"allow":["GET"]}}],"collection":[{"href":"https:\/\/theark.ch\/de\/wp-json\/wp\/v2\/posts"}],"about":[{"href":"https:\/\/theark.ch\/de\/wp-json\/wp\/v2\/types\/post"}],"author":[{"embeddable":true,"href":"https:\/\/theark.ch\/de\/wp-json\/wp\/v2\/users\/3"}],"replies":[{"embeddable":true,"href":"https:\/\/theark.ch\/de\/wp-json\/wp\/v2\/comments?post=46842"}],"version-history":[{"count":7,"href":"https:\/\/theark.ch\/de\/wp-json\/wp\/v2\/posts\/46842\/revisions"}],"predecessor-version":[{"id":46853,"href":"https:\/\/theark.ch\/de\/wp-json\/wp\/v2\/posts\/46842\/revisions\/46853"}],"wp:featuredmedia":[{"embeddable":true,"href":"https:\/\/theark.ch\/de\/wp-json\/wp\/v2\/media\/47030"}],"wp:attachment":[{"href":"https:\/\/theark.ch\/de\/wp-json\/wp\/v2\/media?parent=46842"}],"wp:term":[{"taxonomy":"category","embeddable":true,"href":"https:\/\/theark.ch\/de\/wp-json\/wp\/v2\/categories?post=46842"},{"taxonomy":"post_tag","embeddable":true,"href":"https:\/\/theark.ch\/de\/wp-json\/wp\/v2\/tags?post=46842"}],"curies":[{"name":"wp","href":"https:\/\/api.w.org\/{rel}","templated":true}]}}