{"id":4968,"date":"2017-12-04T15:28:00","date_gmt":"2017-12-04T14:28:00","guid":{"rendered":"http:\/\/theark.ch\/une-premiere-innovibes-reussie-dans-le-haut-valais-8914\/"},"modified":"2024-09-17T18:12:48","modified_gmt":"2024-09-17T16:12:48","slug":"die-erste-innovibes-im-oberwallis-war-ein-erfolg-8914","status":"publish","type":"post","link":"https:\/\/theark.ch\/de\/news\/die-erste-innovibes-im-oberwallis-war-ein-erfolg-8914\/","title":{"rendered":"Die erste InnoVibes im Oberwallis war ein Erfolg"},"content":{"rendered":"<p align=\"left\"><strong>Mehr als 70\u00a0Personen vor Ort und rund 100\u00a0Personen live \u00fcber die Online-Plattform <a href=\"https:\/\/hazu.io\/ambord\/Veranstaltung-BioArk-Visp\" target=\"_blank\" rel=\"noopener\">Hazu<\/a>\u2009zugeschaltet: Die erste InnoVibes-Konferenz im Oberwallis, die am 1. Dezember stattfand, erf\u00fcllte in puncto Teilnehmerzahlen alle Erwartungen. Und auch inhaltlich traf sie mit dem Impulsreferat von Beat Ambord, CEO der F1rst International, genau ins Schwarze: Darin drehte sich alles um die Herausforderungen des digitalen Marketings f\u00fcr KMU. Die von The Ark ins Leben gerufenen \u00abInnoVibes\u00bb werden auch im kommenden Jahr wieder stattfinden.<\/strong><\/p>\n<p align=\"left\">Zum ersten Mal seit ihrem Start im vergangenen April kam die Konferenzreihe InnoVibes nun auch ins Oberwallis, genauer gesagt zu <a href=\"http:\/\/www.bioarkvisp.ch\/de\" target=\"_blank\" rel=\"noopener\">BioArk nach Visp<\/a>. \u00abEs war eine gelungene Premiere, bei der nicht nur ein interessanter Redner und ein spannendes Thema geboten wurden, sondern auch die Gelegenheit, mit den Vertretern regionaler KMU in Kontakt zu treten. In den R\u00e4umlichkeiten des BioArk Visp konnte diskutiert und auch debattiert werden. \u00bb, erl\u00e4utert Paul-Andr\u00e9 Vogel, Innovationsverantwortlicher der <a href=\"http:\/\/theark.ch\/de\/\" target=\"_blank\" rel=\"noopener\">Stiftung The Ark<\/a>.<br \/>\n\u00a0<\/p>\n<p align=\"left\"><strong>Originelles Konzept<\/strong><br \/>\nDie allgemeine Einf\u00fchrung nahm Paul-Andr\u00e9 Vogel zum Anlass, das originelle Konzept der InnoVibes-Konferenzen vorzustellen: Die Teilnehmer machen Vorschl\u00e4ge und w\u00e4hlen Thema und Redner der jeweils n\u00e4chsten Veranstaltungen selbst. Anschliessend \u00fcbernahm Beat Ambord, Experte f\u00fcr digitales Marketing und CEO von F1rst International. Rund 45\u00a0Minuten lang hielt der Redner die Teilnehmer mit konkreten Beispielen in Atem.<\/p>\n<p align=\"left\">Sein gesamtes Referat steht als Video auf der Plattform Hazu bereit. Diese innovative Plattform wird vom gleichnamigen Oberwalliser Start-up Hazu Technologies entwickelt. <a href=\"https:\/\/hazu.io\/ambord\/Veranstaltung-BioArk-Visp\" target=\"_blank\" rel=\"noopener\">\u00dcber diesen Link <\/a>kann die Pr\u00e4sentation auch heruntergeladen werden.<br \/>\n\u00a0<\/p>\n<p align=\"left\"><strong>Das Voting f\u00fcr\u00a02018 ist er\u00f6ffnet<\/strong><br \/>\nZum Abschluss der Konferenz bot sich im Rahmen eines Lunchs die ideale Gelegenheit zum Austausch \u00fcber das Thema des Tages, aber auch \u00fcber Innovation im Allgemeinen (<a href=\"https:\/\/www.innovibes.ch\/de\/events\/?id=2057\" target=\"_blank\" rel=\"noopener\">Fotogalerie<\/a>).<\/p>\n<p align=\"left\">Die n\u00e4chsten InnoVibes-Konferenzen finden\u00a02018 in den gr\u00f6ssten St\u00e4dten des Kantons statt. Die genauen Daten finden Sie auf der Website. Schon jetzt besteht die M\u00f6glichkeit, \u00fcber die Website <a href=\"http:\/\/www.innovibes.ch\/de\" target=\"_blank\" rel=\"noopener\">www.innovibes.ch<\/a> Redner und Themen vorzuschlagen und \u00fcber die Vorschl\u00e4ge abzustimmen.<\/p>\n<p align=\"left\">\u00a0<\/p>\n","protected":false},"excerpt":{"rendered":"<p>Mehr als 70\u00a0Personen vor Ort und rund 100\u00a0Personen live \u00fcber die Online-Plattform Hazu\u2009zugeschaltet: Die erste InnoVibes-Konferenz im Oberwallis, die am 1. Dezember stattfand, erf\u00fcllte in puncto Teilnehmerzahlen alle Erwartungen. Und auch inhaltlich traf sie mit dem Impulsreferat von Beat Ambord, CEO der F1rst International, genau ins Schwarze: Darin drehte sich alles um die Herausforderungen des [&hellip;]<\/p>\n","protected":false},"author":1,"featured_media":20881,"comment_status":"closed","ping_status":"closed","sticky":false,"template":"","format":"standard","meta":{"_acf_changed":false,"footnotes":""},"categories":[204],"tags":[],"class_list":["post-4968","post","type-post","status-publish","format-standard","has-post-thumbnail","hentry","category-digitalisierung"],"acf":[],"_links":{"self":[{"href":"https:\/\/theark.ch\/de\/wp-json\/wp\/v2\/posts\/4968","targetHints":{"allow":["GET"]}}],"collection":[{"href":"https:\/\/theark.ch\/de\/wp-json\/wp\/v2\/posts"}],"about":[{"href":"https:\/\/theark.ch\/de\/wp-json\/wp\/v2\/types\/post"}],"author":[{"embeddable":true,"href":"https:\/\/theark.ch\/de\/wp-json\/wp\/v2\/users\/1"}],"replies":[{"embeddable":true,"href":"https:\/\/theark.ch\/de\/wp-json\/wp\/v2\/comments?post=4968"}],"version-history":[{"count":25,"href":"https:\/\/theark.ch\/de\/wp-json\/wp\/v2\/posts\/4968\/revisions"}],"predecessor-version":[{"id":36662,"href":"https:\/\/theark.ch\/de\/wp-json\/wp\/v2\/posts\/4968\/revisions\/36662"}],"wp:featuredmedia":[{"embeddable":true,"href":"https:\/\/theark.ch\/de\/wp-json\/wp\/v2\/media\/20881"}],"wp:attachment":[{"href":"https:\/\/theark.ch\/de\/wp-json\/wp\/v2\/media?parent=4968"}],"wp:term":[{"taxonomy":"category","embeddable":true,"href":"https:\/\/theark.ch\/de\/wp-json\/wp\/v2\/categories?post=4968"},{"taxonomy":"post_tag","embeddable":true,"href":"https:\/\/theark.ch\/de\/wp-json\/wp\/v2\/tags?post=4968"}],"curies":[{"name":"wp","href":"https:\/\/api.w.org\/{rel}","templated":true}]}}