{"id":6147,"date":"2020-01-20T12:10:00","date_gmt":"2020-01-20T11:10:00","guid":{"rendered":"http:\/\/theark.ch\/le-prix-createurs-bcvs-prend-de-lampleur-deux-laureats-et-cinq-finalistes-10033\/"},"modified":"2024-09-17T18:14:47","modified_gmt":"2024-09-17T16:14:47","slug":"der-prix-createurs-wkb-waechst-zwei-gewinner-und-fuenf-finalisten-10033","status":"publish","type":"post","link":"https:\/\/theark.ch\/de\/news\/der-prix-createurs-wkb-waechst-zwei-gewinner-und-fuenf-finalisten-10033\/","title":{"rendered":"Der Prix Cr\u00e9ateurs WKB w\u00e4chst: zwei Gewinner und f\u00fcnf Finalisten !"},"content":{"rendered":"<p><strong>Die 11. Ausgabe des Prix Cr\u00e9ateurs WKB bringt Innovationen und Wachstum: bei der Preisverleihung am 9. Juni 2020 im CERM Martinach werden zwei (statt ein) Gewinner ausgezeichnet. Ausserdem gibt es neu f\u00fcnf statt drei Finalisten. Ziel dabei ist es, den zahlreichen innovativen Projekten, die sich f\u00fcr den Preis bewerben, mehr Sichtbarkeit zu gew\u00e4hren. Der Prix Cr\u00e9ateurs WKB zeichnet Projekte von Einzelpersonen, KMUs und Start-ups aus und f\u00f6rdert sie. Der Gewinner des Prix Cr\u00e9ateurs WKB erh\u00e4lt CHF 10&#39;000 Cash und Coaching-Leistungen im Wert von CHF 15&#39;000. Der Gewinner des neuen Preises \u00abFavorit der ehemaligen Finalisten\u00bb erh\u00e4lt CHF 5&#39;000 Cash Preisgeld. Die Bewerbungen sind bis sp\u00e4testens 16. M\u00e4rz 2020 einzureichen.\u00a0<\/strong><\/p>\n<p><a href=\"https:\/\/www.prixcreateurbcvs.ch\/de\/\" target=\"_blank\" rel=\"noopener\">Der Prix Cr\u00e9ateurs WKB<\/a> verfolgt seit seiner Einf\u00fchrung 2007 das gleiche Ziel: \u00a0die Auszeichnung von innovativen Projekten, egal aus welcher Branche sie stammen. Dieses Jahr bestimmt die Jury zum ersten Mal f\u00fcnf \u2013 statt nur drei \u2013 Finalisten. So wird den zahlreichen Kandidaten (60 bei der letzten Ausgabe) mehr Sichtbarkeit gew\u00e4hrt. Die ausgew\u00e4hlten f\u00fcnf Projekte werden bei den Walliser Medien, die Partner des Events sind, ein grosses Echo finden.\u00a0<\/p>\n<p>Die zweite Neuheit 2020 ist die Vergabe eines Preises (CHF 5&#39;000.-) an einen der f\u00fcnf Finalisten. Dieser Preis wird vom k\u00fcrzlich gegr\u00fcndeten Club der ehemaligen Finalisten des Prix Cr\u00e9ateurs WKB verliehen. Die ehemaligen Finalisten bestimmen den Gewinner mittels Abstimmung, die vor der Preisverleihung stattfindet.<\/p>\n<p><strong>Frist f\u00fcr die Einreichung der Kandidaturen: 16. M\u00e4rz<\/strong><br \/>\nDie Teilnahme steht allen Projekten von Einzelpersonen oder Gesellschaften aus dem Wallis offen, deren Umsetzung f\u00fcrs kommende Jahr geplant ist. Bestehende Unternehmen k\u00f6nnen ebenfalls mitmachen, indem sie eine neue Produkt- oder Dienstleistungsidee vorschlagen. Die Projekte sollten vor allem innovativ und kreativ sein!<\/p>\n<p>Die Teilnahmebedingungen und das Wettbewerbsreglement k\u00f6nnen ab sofort auf <a href=\"https:\/\/www.prixcreateurbcvs.ch\/de\/\" target=\"_blank\" rel=\"noopener\">www.prixcreateurswkb.ch<\/a> heruntergeladen werden. Die Bewerbungsdossiers sind bis zum 16. M\u00e4rz 2020 bei Business Valais einzureichen. Eine Jury aus Vertretern der Wirtschaft und des Bankensektors wird die f\u00fcnf Finalisten bestimmen. Der Gewinner wird vom Publikum per SMS oder Internet auserkoren. Die Preisverleihung findet am Dienstag, 9. Juni 2020 im CERM Martinach, umrahmt von einem festlichen Abendprogramm und in Anwesenheit eines \u00dcberraschungsgastes statt.<\/p>\n<p>Die <a href=\"https:\/\/www.bcvs.ch\/de\/homepage.html\" target=\"_blank\" rel=\"noopener\">Walliser Kantonalbank<\/a> ist Partnerin und Initiatorin des Prix Cr\u00e9ateurs WKB. Aufgrund ihrer Vorrangstellung innerhalb der Walliser Wirtschaft nimmt sie eine f\u00fchrende Rolle in der Partnerschaft mit den Unternehmen und deren Gr\u00fcndern ein. <a href=\"https:\/\/www.vs.ch\/de\/web\/entreprises\" target=\"_blank\" rel=\"noopener\">Business Valais<\/a> steht f\u00fcr die Wirtschaftsf\u00f6rderung des Kantons Wallis im Dienste des Unternehmertums. Als unumg\u00e4nglicher Partner der Walliser Wirtschaft, vor allem im Bereich der Gr\u00fcndung neuer Unternehmen, organisiert Business Valais diesen Preis zusammen mit der Walliser Kantonalbank.<br \/>\n\u00a0<\/p>\n","protected":false},"excerpt":{"rendered":"<p>Die 11. Ausgabe des Prix Cr\u00e9ateurs WKB bringt Innovationen und Wachstum: bei der Preisverleihung am 9. Juni 2020 im CERM Martinach werden zwei (statt ein) Gewinner ausgezeichnet. Ausserdem gibt es neu f\u00fcnf statt drei Finalisten. Ziel dabei ist es, den zahlreichen innovativen Projekten, die sich f\u00fcr den Preis bewerben, mehr Sichtbarkeit zu gew\u00e4hren. Der Prix [&hellip;]<\/p>\n","protected":false},"author":1,"featured_media":6144,"comment_status":"closed","ping_status":"closed","sticky":false,"template":"","format":"standard","meta":{"_acf_changed":false,"footnotes":""},"categories":[204],"tags":[],"class_list":["post-6147","post","type-post","status-publish","format-standard","has-post-thumbnail","hentry","category-digitalisierung"],"acf":[],"_links":{"self":[{"href":"https:\/\/theark.ch\/de\/wp-json\/wp\/v2\/posts\/6147","targetHints":{"allow":["GET"]}}],"collection":[{"href":"https:\/\/theark.ch\/de\/wp-json\/wp\/v2\/posts"}],"about":[{"href":"https:\/\/theark.ch\/de\/wp-json\/wp\/v2\/types\/post"}],"author":[{"embeddable":true,"href":"https:\/\/theark.ch\/de\/wp-json\/wp\/v2\/users\/1"}],"replies":[{"embeddable":true,"href":"https:\/\/theark.ch\/de\/wp-json\/wp\/v2\/comments?post=6147"}],"version-history":[{"count":21,"href":"https:\/\/theark.ch\/de\/wp-json\/wp\/v2\/posts\/6147\/revisions"}],"predecessor-version":[{"id":37318,"href":"https:\/\/theark.ch\/de\/wp-json\/wp\/v2\/posts\/6147\/revisions\/37318"}],"wp:featuredmedia":[{"embeddable":true,"href":"https:\/\/theark.ch\/de\/wp-json\/wp\/v2\/media\/6144"}],"wp:attachment":[{"href":"https:\/\/theark.ch\/de\/wp-json\/wp\/v2\/media?parent=6147"}],"wp:term":[{"taxonomy":"category","embeddable":true,"href":"https:\/\/theark.ch\/de\/wp-json\/wp\/v2\/categories?post=6147"},{"taxonomy":"post_tag","embeddable":true,"href":"https:\/\/theark.ch\/de\/wp-json\/wp\/v2\/tags?post=6147"}],"curies":[{"name":"wp","href":"https:\/\/api.w.org\/{rel}","templated":true}]}}