{"id":7433,"date":"2021-09-09T18:45:00","date_gmt":"2021-09-09T16:45:00","guid":{"rendered":"http:\/\/theark.ch\/mobilite-un-appel-a-projets-pour-relever-les-defis-de-sion-et-du-valais-10619\/"},"modified":"2024-09-17T18:15:37","modified_gmt":"2024-09-17T16:15:37","slug":"projektaufruf-loesungen-fuer-mobilitaetsprobleme-in-sitten-und-im-wallis-gesucht-10619","status":"publish","type":"post","link":"https:\/\/theark.ch\/de\/news\/projektaufruf-loesungen-fuer-mobilitaetsprobleme-in-sitten-und-im-wallis-gesucht-10619\/","title":{"rendered":"Projektaufruf: L\u00f6sungen f\u00fcr Mobilit\u00e4tsprobleme in Sitten und im Wallis gesucht!"},"content":{"rendered":"<p><strong>Das Mobility Lab Sitten-Wallis, die Stiftung The Ark und CleantechAlps lancieren die zweite Ausgabe des Projektaufrufs \u00abI like to move it\u00bb. Ausgehend von konkreten Problemen der Stadt Sitten und des Kantons Wallis haben die Bewerberinnen und Bewerber einen Monat Zeit, eine konkrete L\u00f6sung f\u00fcr ein Mobilit\u00e4tsproblem vorzuschlagen. Der vielversprechendste Vorschlag erh\u00e4lt einen Scheck \u00fcber 10&#39;000 Franken sowie die M\u00f6glichkeit, das Projekt \u00abin der Praxis\u00bb zu testen. Die zweite Ausgabe von \u00abI like to move it\u00bb wird w\u00e4hrend der Europ\u00e4ischen Mobilit\u00e4tswoche (16. bis 22. September) durchgef\u00fchrt.<\/strong><\/p>\n<p>Wie k\u00f6nnen die verschiedenen alternativen Mobilit\u00e4tsangebote der Stadt Sitten gef\u00f6rdert und die Nutzung des motorisierten Individualverkehrs reduziert werden? Wie k\u00f6nnen Vorteile dieser Angebote in der Bev\u00f6lkerung besser bekannt gemacht werden? Wie k\u00f6nnen wir in st\u00e4dtischen Zentren besser zusammenleben? Wie k\u00f6nnen wir Platz f\u00fcr alle Nutzer des \u00f6ffentlichen Raums schaffen? Wie k\u00f6nnen wir das Bewusstsein der Verkehrsteilnehmenden f\u00fcr Umweltbelastungen verbessern? Diese Fragen stehen im Mittelpunkt der beiden Problemstellungen, die von der Stadt Sitten und vom Kanton Wallis f\u00fcr die Projektausschreibung \u00ab<a href=\"https:\/\/iliketomoveit.ch\/de\/\" target=\"_blank\" rel=\"noopener\">I like to move it<\/a>\u00bb formuliert wurden.<\/p>\n<p>Konkret sind alle Unternehmen oder Forschungsstellen, die eine Idee oder eine L\u00f6sung f\u00fcr diese Herausforderungen haben, eingeladen, ihren Vorschlag bis zum 15. Oktober um Mitternacht einzureichen. Das Antragsformular kann unter <a href=\"https:\/\/iliketomoveit.ch\/de\/\" target=\"_blank\" rel=\"noopener\">www.iliketomoveit.ch<\/a> heruntergeladen und ausgef\u00fcllt werden. Unternehmen, die \u00fcber eine intelligente, nachhaltige und saubere Mobilit\u00e4tsl\u00f6sung verf\u00fcgen, auch wenn sie nicht direkt mit den vorgeschlagenen Herausforderungen zusammenh\u00e4ngen, sind ebenfalls zu einer Teilnahme aufgefordert.<\/p>\n<p>Besondere Aufmerksamkeit wird kreativen und innovativen Projekten gewidmet, die das wirtschaftliche Potenzial, den Mehrwert und die Durchf\u00fchrbarkeit ihrer Idee nachweisen k\u00f6nnen.<br \/>\n\u00a0<\/p>\n<p><strong>CHF 10&#39;000.- in bar und konkrete Unterst\u00fctzung bei der Projektumsetzung<\/strong><br \/>\nDas Siegerprojekt wird mit 10&#39;000 Franken in bar belohnt und erh\u00e4lt die M\u00f6glichkeit, die vorgeschlagene L\u00f6sung mit Unterst\u00fctzung der <a href=\"https:\/\/www.sion.ch\/\" target=\"_blank\" rel=\"noopener\">Stadt Sitten<\/a>, des <a href=\"https:\/\/www.vs.ch\/de\/\" target=\"_blank\" rel=\"noopener\">Kantons Wallis<\/a> und der Partner des <a href=\"https:\/\/www.mobilitylab.ch\/fr\/\" target=\"_blank\" rel=\"noopener\">Mobility Lab Sitten-Wallis<\/a> in der Praxis zu testen und anzupassen. Die Organisatoren von \u00abI like to move it\u00bb bieten auch an, die Entwicklung der L\u00f6sung und die n\u00e4chsten Schritte zu begleiten und zu unterst\u00fctzen. Auf diese Weise werden die unternommenen Anstrengungen belohnt und die Durchf\u00fchrung des Projekts wirksam unterst\u00fctzt!<\/p>\n<p>Das im September 2020 gestartete Programm \u00abI like to move it\u00bb soll die Entwicklung innovativer L\u00f6sungen im Bereich der Mobilit\u00e4t erm\u00f6glichen. Nicht weniger als 28 Bewerbungen wurden bei der ersten Austragung eingereicht, mit vielen innovativen Ideen, die den Mobilit\u00e4tssektor revolutionieren sollen. Das von der Firma EH Group Engineering eingereichte kompakte und leichte Brennstoffzellenprojekt gewann die Gunst der Jury.<br \/>\n\u00a0<\/p>\n","protected":false},"excerpt":{"rendered":"<p>Das Mobility Lab Sitten-Wallis, die Stiftung The Ark und CleantechAlps lancieren die zweite Ausgabe des Projektaufrufs \u00abI like to move it\u00bb. Ausgehend von konkreten Problemen der Stadt Sitten und des Kantons Wallis haben die Bewerberinnen und Bewerber einen Monat Zeit, eine konkrete L\u00f6sung f\u00fcr ein Mobilit\u00e4tsproblem vorzuschlagen. Der vielversprechendste Vorschlag erh\u00e4lt einen Scheck \u00fcber 10&#39;000 [&hellip;]<\/p>\n","protected":false},"author":1,"featured_media":7430,"comment_status":"closed","ping_status":"closed","sticky":false,"template":"","format":"standard","meta":{"_acf_changed":false,"footnotes":""},"categories":[204],"tags":[],"class_list":["post-7433","post","type-post","status-publish","format-standard","has-post-thumbnail","hentry","category-digitalisierung"],"acf":[],"_links":{"self":[{"href":"https:\/\/theark.ch\/de\/wp-json\/wp\/v2\/posts\/7433","targetHints":{"allow":["GET"]}}],"collection":[{"href":"https:\/\/theark.ch\/de\/wp-json\/wp\/v2\/posts"}],"about":[{"href":"https:\/\/theark.ch\/de\/wp-json\/wp\/v2\/types\/post"}],"author":[{"embeddable":true,"href":"https:\/\/theark.ch\/de\/wp-json\/wp\/v2\/users\/1"}],"replies":[{"embeddable":true,"href":"https:\/\/theark.ch\/de\/wp-json\/wp\/v2\/comments?post=7433"}],"version-history":[{"count":21,"href":"https:\/\/theark.ch\/de\/wp-json\/wp\/v2\/posts\/7433\/revisions"}],"predecessor-version":[{"id":37520,"href":"https:\/\/theark.ch\/de\/wp-json\/wp\/v2\/posts\/7433\/revisions\/37520"}],"wp:featuredmedia":[{"embeddable":true,"href":"https:\/\/theark.ch\/de\/wp-json\/wp\/v2\/media\/7430"}],"wp:attachment":[{"href":"https:\/\/theark.ch\/de\/wp-json\/wp\/v2\/media?parent=7433"}],"wp:term":[{"taxonomy":"category","embeddable":true,"href":"https:\/\/theark.ch\/de\/wp-json\/wp\/v2\/categories?post=7433"},{"taxonomy":"post_tag","embeddable":true,"href":"https:\/\/theark.ch\/de\/wp-json\/wp\/v2\/tags?post=7433"}],"curies":[{"name":"wp","href":"https:\/\/api.w.org\/{rel}","templated":true}]}}