{"id":8967,"date":"2024-09-23T07:24:00","date_gmt":"2024-09-23T05:24:00","guid":{"rendered":"http:\/\/theark.ch\/portes-ouvertes-de-phytoark-le-vendredi-11-octobre-2024-11394\/"},"modified":"2025-05-19T16:51:42","modified_gmt":"2025-05-19T14:51:42","slug":"tag-der-offenen-tuer-in-phytoark-am-freitag-den-11-oktober-2024-11394","status":"publish","type":"post","link":"https:\/\/theark.ch\/de\/news\/tag-der-offenen-tuer-in-phytoark-am-freitag-den-11-oktober-2024-11394\/","title":{"rendered":"Tag der offenen T\u00fcr in PhytoArk am Freitag, den 11. Oktober 2024"},"content":{"rendered":"\n<p><strong><span style=\"font-size: 22px;\">Tag der offenen T\u00fcr bei PhytoArk &#8211; Freitag, 11. Oktober 2024<\/span><\/strong><\/p>\n\n\n\n<p>PhytoArk befindet sich im Herzen des Wallis und ist ein Technologiestandort, der sich der Aufwertung nat\u00fcrlicher Inhaltsstoffe widmet. Als Teil der Stiftung The Ark unterst\u00fctzt es Start-ups, KMU und Dienstleistungsunternehmen in den Bereichen Kosmetik, Lebensmittel, Ern\u00e4hrung und Gesundheit sowie Phyto-Pharmazie.<\/p>\n\n\n\n<p>PhytoArk befindet sich in einem modernen Geb\u00e4ude von 1.500 m\u00b2 auf dem Gel\u00e4nde von Agroscope und bietet umfassende Dienstleistungen f\u00fcr die Industrialisierung von Produkten, von der Konzeptualisierung bis zur Markteinf\u00fchrung. Der Standort umfasst Mietfl\u00e4chen (Labors, B\u00fcros, Industriefl\u00e4chen), eine von Mediplant betriebene Technologieplattform f\u00fcr die vorindustrielle Entwicklung und eine an die logistischen Bed\u00fcrfnisse angepasste Industriefl\u00e4che.<\/p>\n\n\n\n<p>PhytoArk st\u00fctzt sich auf eine reiche Tradition der Ernte und Verwertung von Walliser Heilpflanzen und arbeitet mit Schl\u00fcsselpartnern zusammen, um seinen Kunden innovative L\u00f6sungen anzubieten. Er ist der ideale Partner, um Ideen in qualitativ hochwertige Endprodukte umzusetzen.<\/p>\n\n\n\n<div style=\"height:29px\" aria-hidden=\"true\" class=\"wp-block-spacer\"><\/div>\n\n\n\n<p><strong>Ein Tag der offenen T\u00fcr<\/strong><br>Von 9 bis 15 Uhr haben Sie die Gelegenheit, Experteinnen und Experten zu treffen, die Labore zu erkunden und besser zu verstehen, wie Ideen in nachhaltige L\u00f6sungen f\u00fcr die Zukunft umgesetzt werden.&nbsp;<\/p>\n\n\n\n<div style=\"height:29px\" aria-hidden=\"true\" class=\"wp-block-spacer\"><\/div>\n\n\n\n<p><strong>Programm<\/strong><\/p>\n\n\n\n<ul class=\"wp-block-list\">\n<li>Gef\u00fchrte Besichtigungen (<a href=\"https:\/\/forms.office.com\/Pages\/ResponsePage.aspx?id=0E1r87g-_UWHAhT8tuLYNZJ-pA1rVQFDsfitj955G3xUMURDWk1SWFJCNFhRM1Q0WUNJN0RXRFRNSyQlQCN0PWcu\" target=\"_blank\" rel=\"noopener\">nach Anmeldung<\/a>) von\u00a0<a href=\"https:\/\/www.mediplant.ch\/index.php\/fr\/\" target=\"_blank\" rel=\"noopener\">Mediplant<\/a>\u00a0(9 Uhr, 11 Uhr, 13 Uhr und 14.30 Uhr) und\u00a0<a href=\"https:\/\/www.agroscope.admin.ch\/agroscope\/de\/home\/ueber-uns\/standorte-kontakte\/conthey.html\" target=\"_blank\" rel=\"noopener\">Agroscope<\/a>\u00a0(10 Uhr).\u00a0<\/li>\n\n\n\n<li>Didaktischer Rundgang zur kosmetischen Formulierung bei Phytosphere Swiss Lab w\u00e4hrend des ganzen Tages.<\/li>\n\n\n\n<li>Mini-St\u00e4nde in der Eingangshalle (<a href=\"https:\/\/www.fovahm.ch\/fr\/acheter-et-sous-traiter\/nos-competences-et-productions\/cosmetique-41\/\" target=\"_blank\" rel=\"noopener\">FOVAHM<\/a>,\u00a0<a href=\"https:\/\/pharmalp.ch\/\" target=\"_blank\" rel=\"noopener\">Pharmalp<\/a>,\u00a0<a href=\"https:\/\/be-ceuticals.com\/\" target=\"_blank\" rel=\"noopener\">BE Ceuticals<\/a>,\u00a0<a href=\"https:\/\/www.wayacosmetics.ch\/\" target=\"_blank\" rel=\"noopener\">Waya Cosmetics<\/a>,\u00a0<a href=\"https:\/\/valyxir.com\/fr\" target=\"_blank\" rel=\"noopener\">Valyxir<\/a>,\u00a0<a href=\"https:\/\/evoleina-rhodiola.ch\/\" target=\"_blank\" rel=\"noopener\">Evoleina Rhodiola<\/a>,\u00a0<a href=\"https:\/\/www.fondationgcz.ch\/\" target=\"_blank\" rel=\"noopener\">Fondation Germaine Cousin<\/a>\u00a0und\u00a0<a href=\"https:\/\/oouliri.ch\/\" target=\"_blank\" rel=\"noopener\">\u00d3ouliri<\/a>)<\/li>\n<\/ul>\n\n\n\n<div style=\"height:29px\" aria-hidden=\"true\" class=\"wp-block-spacer\"><\/div>\n\n\n\n<p><strong>Zugang<\/strong><br>Adresse: Route des Eterpys 22, 1964 Conthey.<br>Weitere Informationen \u00fcber PhytoArk: <a href=\"https:\/\/www.phytoark.ch\/de\/\" target=\"_blank\" rel=\"noopener\">Die Stiftung f\u00fcr Innovation im Wallis &#8211; PhytoArk<\/a><\/p>\n","protected":false},"excerpt":{"rendered":"<p>Tag der offenen T\u00fcr bei PhytoArk &#8211; Freitag, 11. Oktober 2024 PhytoArk befindet sich im Herzen des Wallis und ist ein Technologiestandort, der sich der Aufwertung nat\u00fcrlicher Inhaltsstoffe widmet. Als Teil der Stiftung The Ark unterst\u00fctzt es Start-ups, KMU und Dienstleistungsunternehmen in den Bereichen Kosmetik, Lebensmittel, Ern\u00e4hrung und Gesundheit sowie Phyto-Pharmazie. PhytoArk befindet sich in [&hellip;]<\/p>\n","protected":false},"author":1,"featured_media":8964,"comment_status":"closed","ping_status":"closed","sticky":false,"template":"","format":"standard","meta":{"_acf_changed":false,"footnotes":""},"categories":[206,226,228],"tags":[],"class_list":["post-8967","post","type-post","status-publish","format-standard","has-post-thumbnail","hentry","category-events","category-ingredient-naturel","category-naturlicher-inhaltsstoff"],"acf":[],"_links":{"self":[{"href":"https:\/\/theark.ch\/de\/wp-json\/wp\/v2\/posts\/8967","targetHints":{"allow":["GET"]}}],"collection":[{"href":"https:\/\/theark.ch\/de\/wp-json\/wp\/v2\/posts"}],"about":[{"href":"https:\/\/theark.ch\/de\/wp-json\/wp\/v2\/types\/post"}],"author":[{"embeddable":true,"href":"https:\/\/theark.ch\/de\/wp-json\/wp\/v2\/users\/1"}],"replies":[{"embeddable":true,"href":"https:\/\/theark.ch\/de\/wp-json\/wp\/v2\/comments?post=8967"}],"version-history":[{"count":23,"href":"https:\/\/theark.ch\/de\/wp-json\/wp\/v2\/posts\/8967\/revisions"}],"predecessor-version":[{"id":40594,"href":"https:\/\/theark.ch\/de\/wp-json\/wp\/v2\/posts\/8967\/revisions\/40594"}],"wp:featuredmedia":[{"embeddable":true,"href":"https:\/\/theark.ch\/de\/wp-json\/wp\/v2\/media\/8964"}],"wp:attachment":[{"href":"https:\/\/theark.ch\/de\/wp-json\/wp\/v2\/media?parent=8967"}],"wp:term":[{"taxonomy":"category","embeddable":true,"href":"https:\/\/theark.ch\/de\/wp-json\/wp\/v2\/categories?post=8967"},{"taxonomy":"post_tag","embeddable":true,"href":"https:\/\/theark.ch\/de\/wp-json\/wp\/v2\/tags?post=8967"}],"curies":[{"name":"wp","href":"https:\/\/api.w.org\/{rel}","templated":true}]}}