{"id":8975,"date":"2024-10-01T07:01:54","date_gmt":"2024-10-01T05:01:54","guid":{"rendered":"http:\/\/theark.ch\/portes-ouvertes-d-iris-summum-les-fruits-de-martigny-le-samedi-26-octobre-2024-11395\/"},"modified":"2025-05-19T16:51:33","modified_gmt":"2025-05-19T14:51:33","slug":"offene-tueren-von-iris-summum-den-fruechten-von-martigny-am-samstag-den-26-oktober-2024-11395","status":"publish","type":"post","link":"https:\/\/theark.ch\/de\/news\/offene-tueren-von-iris-summum-den-fruechten-von-martigny-am-samstag-den-26-oktober-2024-11395\/","title":{"rendered":"Tag der offenen T\u00fcr bei \u00ceris &amp; Summum, Les Fruits de Martigny am Samstag, den 26. Oktober 2024"},"content":{"rendered":"\n<h4 class=\"wp-block-heading\"><span style=\"font-size: 22px;\"><strong>Tag der offenen T\u00fcr bei <a href=\"https:\/\/iris.swiss\/jus\/\" target=\"_blank\" rel=\"noopener\">\u00ceris<\/a> &amp; <a href=\"https:\/\/summum.swiss\/\" target=\"_blank\" rel=\"noopener\">Summum<\/a>, <a href=\"https:\/\/iris.swiss\/les-fruits-de-martigny\/\" target=\"_blank\" rel=\"noopener\">Les Fruits de Martigny<\/a> &#8211; Samstag, 26. Oktober 2024<\/strong><\/span><\/h4>\n\n\n\n<p><a href=\"https:\/\/iris.swiss\/les-fruits-de-martigny\/\" target=\"_blank\" rel=\"noopener\">Les Fruits de Martigny SA<\/a>, zeichnet sich durch ihr Know-how in der Herstellung von Produkten aus der Region aus, insbesondere unter den Marken <a href=\"https:\/\/iris.swiss\/jus\/\" target=\"_blank\" rel=\"noopener\">\u00ceris<\/a> und <a href=\"https:\/\/summum.swiss\/\" target=\"_blank\" rel=\"noopener\">Summum<\/a>. Ihr Angebot, das aus Fruchts\u00e4ften, Kompott, Trockenfr\u00fcchten und streichf\u00e4higen \u00c4pfeln besteht, ist zu 100 % nat\u00fcrlich, ohne Zusatz- oder Farbstoffe. Sie sind einem Qualit\u00e4ts- und Nachhaltigkeitsansatz verpflichtet, verwenden sonnengereifte Fr\u00fcchte aus dem Wallis und sind mit den Zertifikaten Valais Excellence und Marque Valais Entreprise ausgezeichnet. Ihr \u00f6kologischer Ansatz spiegelt sich auch in der Verwendung von CO2-neutralen Antares-\u00c4pfeln und Produkten ohne Palm\u00f6l wider.    <\/p>\n\n\n\n<p>Im Jahr 2019 hat Les Fruits de Martigny SA mit der Einf\u00fchrung der ersten HPP-Maschine (High Pressure Processing) im Wallis neue Wege beschritten. Diese Technologie der Kaltpasteurisierung verl\u00e4ngert die Haltbarkeit der Produkte und bewahrt gleichzeitig ihre N\u00e4hr- und Geschmackseigenschaften. Dank dieses Verfahrens behalten die kaltgepressten und pascalisierten Summum-S\u00e4fte bis zu 120 Tage lang ihre Frische und ihren nat\u00fcrlichen Geschmack, ohne dass Konservierungsstoffe hinzugef\u00fcgt werden m\u00fcssen.   <\/p>\n\n\n\n<p>Les Fruits de Martigny SA ist somit ein Schl\u00fcsselakteur der regionalen Entwicklung, der Tradition und Innovation miteinander verbindet, um authentische, nachhaltige und schmackhafte Produkte anzubieten.<\/p>\n\n\n\n<h4 class=\"wp-block-heading\"><strong>Ein Tag voller Entdeckungen und Feiern<\/strong><\/h4>\n\n\n\n<p>Treffpunkt ist am Samstag, den 26. Oktober, von 10 bis 18 Uhr.<\/p>\n\n\n\n<p>Dieser Tag wird von verschiedenen Animationen gepr\u00e4gt sein, u. a:<\/p>\n\n\n\n<ul class=\"wp-block-list\">\n<li>eine F\u00fchrung durch die Fabrik<\/li>\n\n\n\n<li>Animationen f\u00fcr Kinder<\/li>\n\n\n\n<li>Produktproben<\/li>\n\n\n\n<li>und unterhaltsame Wettbewerbe<\/li>\n<\/ul>\n\n\n\n<p>Die Besucher werden auch die Gelegenheit haben, den neuen Verkostungsraum des Unternehmens zu entdecken und einzuweihen. Diese Veranstaltung ist eine ideale Gelegenheit, die Welt des Unternehmens zu erkunden und gleichzeitig einen geselligen und festlichen Moment mit der Familie oder Freunden zu geniessen.<\/p>\n\n\n\n<h5 class=\"wp-block-heading\"><strong>Zugang<\/strong><\/h5>\n\n\n\n<p>Les Fruits de Martigny SA, Route de l\u2019Indivis 24, 1908 Charrat<\/p>\n\n\n\n<p>Weitere Infos : <a href=\"https:\/\/iris.swiss\/\" target=\"_blank\" rel=\"noopener\">https:\/\/iris.swiss\/<\/a><\/p>\n\n\n\n<p><\/p>\n","protected":false},"excerpt":{"rendered":"<p>tag der offenen t\u00fcr bei \u00eeris &#038; summum, les fruits de martigny &#8211; samstag, 26. Oktober 2024.<\/p>\n","protected":false},"author":1,"featured_media":40933,"comment_status":"closed","ping_status":"closed","sticky":false,"template":"","format":"standard","meta":{"_acf_changed":false,"footnotes":""},"categories":[206,226,228],"tags":[],"class_list":["post-8975","post","type-post","status-publish","format-standard","has-post-thumbnail","hentry","category-events","category-ingredient-naturel","category-naturlicher-inhaltsstoff"],"acf":[],"_links":{"self":[{"href":"https:\/\/theark.ch\/de\/wp-json\/wp\/v2\/posts\/8975","targetHints":{"allow":["GET"]}}],"collection":[{"href":"https:\/\/theark.ch\/de\/wp-json\/wp\/v2\/posts"}],"about":[{"href":"https:\/\/theark.ch\/de\/wp-json\/wp\/v2\/types\/post"}],"author":[{"embeddable":true,"href":"https:\/\/theark.ch\/de\/wp-json\/wp\/v2\/users\/1"}],"replies":[{"embeddable":true,"href":"https:\/\/theark.ch\/de\/wp-json\/wp\/v2\/comments?post=8975"}],"version-history":[{"count":27,"href":"https:\/\/theark.ch\/de\/wp-json\/wp\/v2\/posts\/8975\/revisions"}],"predecessor-version":[{"id":41473,"href":"https:\/\/theark.ch\/de\/wp-json\/wp\/v2\/posts\/8975\/revisions\/41473"}],"wp:featuredmedia":[{"embeddable":true,"href":"https:\/\/theark.ch\/de\/wp-json\/wp\/v2\/media\/40933"}],"wp:attachment":[{"href":"https:\/\/theark.ch\/de\/wp-json\/wp\/v2\/media?parent=8975"}],"wp:term":[{"taxonomy":"category","embeddable":true,"href":"https:\/\/theark.ch\/de\/wp-json\/wp\/v2\/categories?post=8975"},{"taxonomy":"post_tag","embeddable":true,"href":"https:\/\/theark.ch\/de\/wp-json\/wp\/v2\/tags?post=8975"}],"curies":[{"name":"wp","href":"https:\/\/api.w.org\/{rel}","templated":true}]}}