{"id":9571,"date":"2014-06-12T10:20:00","date_gmt":"2014-06-12T08:20:00","guid":{"rendered":"http:\/\/theark.ch\/du-contenu-pour-les-futurs-entrepreneurs-5835\/"},"modified":"2024-09-17T18:19:41","modified_gmt":"2024-09-17T16:19:41","slug":"inhalte-fuer-angehende-unternehmer-5835","status":"publish","type":"post","link":"https:\/\/theark.ch\/de\/news\/inhalte-fuer-angehende-unternehmer-5835\/","title":{"rendered":"Inhalte f\u00fcr angehende Unternehmer"},"content":{"rendered":"<p>Das ganze Jahr \u00fcber bietet der <a href=\"http:\/\/theark.ch\/de\/page\/der-bevorzugte-partner-fur-unternehmensgrunder-1692\" target=\"_blank\" rel=\"noopener\">Inkubator von The Ark<\/a> den dort angesiedelten Start-ups Mini-Konferenzen an, um sie f\u00fcr bestimmte spezifische Themen, die sich mit der Gesch\u00e4ftsf\u00fchrung und der Gesch\u00e4ftsentwicklung ihres Unternehmens befassen, zu sensibilisieren und darin zu schulen. Zu Beginn dieses Jahres haben die Inkubator-Treffs es erm\u00f6glicht, an den verschiedenen Technologiestandorten der <a href=\"http:\/\/theark.ch\/de\/\" target=\"_blank\" rel=\"noopener\">Stiftung The Ark<\/a> ein zahlreiches Publikum zu Themen wie Lean Startup, LinkedIn oder der Zusammenstellung eines Unternehmensteams zu versammeln. Die auf diesen Treffs vorgestellten Pr\u00e4sentationen liefern zudem auf der Website der Stiftung eine Informationsbasis, die Unternehmern sowie allen Interessierten zur Verf\u00fcgung steht.<\/p>\n<p>Am vergangenen 1. und 2. Mai wurde in Ovronnaz ein Workshop speziell f\u00fcr Unternehmer des Inkubators abgehalten, bei dem die Kunst des Pitchs im Fokus stand. 17 Vertreter von 10 im Inkubator von The Ark angesiedelten Unternehmen und aus 10 verschiedenen Nationalit\u00e4ten haben an diesen Workshops teilgenommen. Diese zwei Tage boten den Unternehmern Gelegenheit, ihre Rede besser zu strukturieren und ihre F\u00e4higkeiten mehrmals vor einem Panel aus Coachs und Experten zu trainieren. Diese Workshops sind eine hervorragende multikulturelle Plattform f\u00fcr den Austausch von bew\u00e4hrten Praktiken, Erfahrungen und Ideen.<\/p>\n<p>Bei den Neuzug\u00e4ngen wurden im Laufe dieses ersten Halbjahres f\u00fcnf Start-up-Projekte in den Inkubator aufgenommen. Nachdem <strong><a href=\"http:\/\/luma7.com\/\" target=\"_blank\" rel=\"noopener\">Luma7<\/a> <\/strong>im Herbst den <a href=\"http:\/\/www.createchallenge.org\/\" target=\"_blank\" rel=\"noopener\">ICC (International Create Challenge)<\/a> gewonnen hatte, wurde es im Inkubationsbereich von IdeArk angesiedelt. <a href=\"http:\/\/www.tikicheck.ch\/web\/\" target=\"_blank\" rel=\"noopener\"><strong>Tikichek<\/strong><\/a>, das ein Stipendium von The Ark mit Erfolg abgeschlossen hat, hat ebenfalls sein Quartier am Standort IdeArk in Martinach aufgeschlagen, um Unternehmen Online-Zufriedenheitsumfragen anzubieten. Der Standort TechnoArk in Siders hat seinerseits zwei Projekte aufgenommen: <strong>Pixanta<\/strong>, ein Monitoring- und Business-Intelligence-Projekt f\u00fcr den Mobile Commerce, und <strong><a href=\"http:\/\/www.payair.com\/\" target=\"_blank\" rel=\"noopener\">Payair<\/a>\/Digithal<\/strong>, das ebenfalls Services f\u00fcr den M-Commerce anbietet, aber im Bereich der Online-Zahlung. Und schliesslich hat sich <strong>ES concept<\/strong> am Standort <a href=\"http:\/\/www.ideark.ch\/de\/\" target=\"_blank\" rel=\"noopener\">IdeArk<\/a> angesiedelt, um Kontextwerbung f\u00fcr das Fernsehen zu entwickeln.<\/p>\n<p>Ende M\u00e4rz hat <a href=\"http:\/\/www.pharmalp.ch\/index.php\/fr\/2012-07-03-15-22-51\/deutsch\" target=\"_blank\" rel=\"noopener\"><strong>PharmAlp<\/strong><\/a>, das den gesamten Inkubationsprozess durchlaufen hat, den Inkubator verlassen und steht jetzt erfolgreich auf eigenen F\u00fcssen. Das Unternehmen z\u00e4hlt heute acht Mitarbeitende und vermarktet eine ganze Palette von Probiotika, Nahrungserg\u00e4nzungsmitteln und Produkten auf Alpenpflanzenbasis.<\/p>\n","protected":false},"excerpt":{"rendered":"<p>Das ganze Jahr \u00fcber bietet der Inkubator von The Ark den dort angesiedelten Start-ups Mini-Konferenzen an, um sie f\u00fcr bestimmte spezifische Themen, die sich mit der Gesch\u00e4ftsf\u00fchrung und der Gesch\u00e4ftsentwicklung ihres Unternehmens befassen, zu sensibilisieren und darin zu schulen. Zu Beginn dieses Jahres haben die Inkubator-Treffs es erm\u00f6glicht, an den verschiedenen Technologiestandorten der Stiftung The [&hellip;]<\/p>\n","protected":false},"author":1,"featured_media":0,"comment_status":"closed","ping_status":"closed","sticky":false,"template":"","format":"standard","meta":{"_acf_changed":false,"footnotes":""},"categories":[204],"tags":[],"class_list":["post-9571","post","type-post","status-publish","format-standard","hentry","category-digitalisierung"],"acf":[],"_links":{"self":[{"href":"https:\/\/theark.ch\/de\/wp-json\/wp\/v2\/posts\/9571","targetHints":{"allow":["GET"]}}],"collection":[{"href":"https:\/\/theark.ch\/de\/wp-json\/wp\/v2\/posts"}],"about":[{"href":"https:\/\/theark.ch\/de\/wp-json\/wp\/v2\/types\/post"}],"author":[{"embeddable":true,"href":"https:\/\/theark.ch\/de\/wp-json\/wp\/v2\/users\/1"}],"replies":[{"embeddable":true,"href":"https:\/\/theark.ch\/de\/wp-json\/wp\/v2\/comments?post=9571"}],"version-history":[{"count":21,"href":"https:\/\/theark.ch\/de\/wp-json\/wp\/v2\/posts\/9571\/revisions"}],"predecessor-version":[{"id":38020,"href":"https:\/\/theark.ch\/de\/wp-json\/wp\/v2\/posts\/9571\/revisions\/38020"}],"wp:attachment":[{"href":"https:\/\/theark.ch\/de\/wp-json\/wp\/v2\/media?parent=9571"}],"wp:term":[{"taxonomy":"category","embeddable":true,"href":"https:\/\/theark.ch\/de\/wp-json\/wp\/v2\/categories?post=9571"},{"taxonomy":"post_tag","embeddable":true,"href":"https:\/\/theark.ch\/de\/wp-json\/wp\/v2\/tags?post=9571"}],"curies":[{"name":"wp","href":"https:\/\/api.w.org\/{rel}","templated":true}]}}