{"id":10461,"date":"2014-10-10T10:30:00","date_gmt":"2014-10-10T08:30:00","guid":{"rendered":"http:\/\/theark.ch\/juger-la-rentabilite-des-centrales-hydrauliques-uniquement-a-long-terme-7543\/"},"modified":"2014-10-10T10:30:00","modified_gmt":"2014-10-10T08:30:00","slug":"juger-la-rentabilite-des-centrales-hydrauliques-uniquement-a-long-terme-7543","status":"publish","type":"post","link":"https:\/\/theark.ch\/fr\/news\/juger-la-rentabilite-des-centrales-hydrauliques-uniquement-a-long-terme-7543\/","title":{"rendered":"Juger la rentabilit\u00e9 des centrales hydrauliques uniquement \u00e0 long terme"},"content":{"rendered":"<p><strong>La rentabilit\u00e9 actuelle des centrales hydro\u00e9lectriques est en baisse actuellement. La rentabilit\u00e9 doit \u00eatre calcul\u00e9e \u00e0 long terme, sur toute la dur\u00e9e de vie de l\u2019installation. L\u2019essentiel reste toutefois d\u2019assurer la r\u00e9novation des ouvrages, malgr\u00e9 une marge de man\u0153uvre tr\u00e8s faible au niveau de la compression des co\u00fbts. Telles sont les convictions de Massimo Filippini, directeur de la chaire \u201cEnergy and Public Economics\u201d \u00e0 l\u2019EPFZ.<\/strong><\/p>\n<p>L\u2019\u00e9nergie hydraulique est tr\u00e8s importante en Suisse. Il s\u2019agit d\u2019une \u00e9nergie de base, notamment pour compenser les pics de consommation. Elle dispose d\u2019un faible impact sur l\u2019environnement, tout en jouant un r\u00f4le important pour les cantons alpins, au niveau des redevances de l\u2019eau. Les installations d\u2019hydro-\u00e9lectricit\u00e9 doivent rester comp\u00e9titives, que cela soit \u00e0 court ou \u00e0 long terme (dans le but de pouvoir les renouveler), a rappel\u00e9 Massimo Filippini.<\/p>\n<p><strong>Degr\u00e9 de comp\u00e9titivit\u00e9 en baisse actuellement<\/strong><br \/>\nLe degr\u00e9 de comp\u00e9titivit\u00e9 actuel \u00e0 court terme des entreprises \u00e9lectriques a diminu\u00e9. En effet, les prix ont baiss\u00e9, du fait de l\u2019ouverture du march\u00e9, de l\u2019arriv\u00e9e massive des nouvelles \u00e9nergies renouvelables subventionn\u00e9es, mais aussi du charbon \u00e0 bas prix. Cela est aussi \u00e0 mettre en lien avec la crise \u00e9conomique et l\u2019efficacit\u00e9 \u00e9nerg\u00e9tique, qui entra\u00eene la demande \u00e0 la baisse.<\/p>\n<p>Pour \u00e9valuer le niveau de comp\u00e9titivit\u00e9 des entreprises productrices, l\u2019EPFZ a lanc\u00e9 une \u00e9tude sur 60 entreprises, dont les chiffres ont \u00e9t\u00e9 analys\u00e9s sur 14 ans. L\u2019analyse a port\u00e9 principalement sur les structures et les co\u00fbts de production.<\/p>\n<p><strong>Capital et redevance repr\u00e9sentent plus de la moiti\u00e9 des co\u00fbts<\/strong><br \/>\nL\u2019\u00e9tude a montr\u00e9 deux choses essentielles: les co\u00fbts sont diff\u00e9rents, en fonction de la technologie choisie (fil de l\u2019eau, pompage-turbinage\u2026). Par ailleurs, les co\u00fbts li\u00e9s au capital et \u00e0 la redevance sont tr\u00e8s importants, puisqu\u2019ils repr\u00e9sentent plus de 50% du total des frais. La marge de man\u0153uvre est donc tr\u00e8s faible pour optimiser les co\u00fbts. L\u2019EPFZ l\u2019estime \u00e0 10% au maximum. Mais cela varie en fonction des centrales.<\/p>\n<p>La rentabilit\u00e9 des centrales hydro\u00e9lectriques doit \u00eatre jug\u00e9e sur une tr\u00e8s longue p\u00e9riode. La dur\u00e9e de vie des centrales est d\u2019environ 80 ans. \u201cCette rentabilit\u00e9 d\u00e9pend de la p\u00e9riode: parfois on gagne, parfois on perd, comme durant ces ann\u00e9es\u201d, pr\u00e9cise Massimo Filippini. Le solde final sur la dur\u00e9e de vie de l\u2019ouvrage doit \u00eatre positif.\u00a0<\/p>\n<p><strong>D\u00e9fi de la r\u00e9novation des centrales et des redevances<\/strong><br \/>\nLe vrai d\u00e9fi n\u2019est pas la comp\u00e9titivit\u00e9 \u00e0 court terme. Il faut des conditions-cadres pour la comp\u00e9titivit\u00e9 \u00e0 long terme, avec notamment en point de mire la question de savoir comment financer la r\u00e9novation des centrales d\u00e8s 2020.<\/p>\n<p>La refonte du syst\u00e8me de redevance pourrait \u00e9galement \u00eatre une piste. \u201cLe syst\u00e8me doit \u00eatre flexible, diff\u00e9renci\u00e9 selon les centrales et bas\u00e9 sur le principe du partage des profits et des risques\u201d. En effet, la valeur d\u2019un m\u00e8tre cube d\u2019eau n\u2019est pas le m\u00eame dans tous les barrages, car la construction n\u2019a pas le m\u00eame co\u00fbt et les opportunit\u00e9s de vente ne sont pas les m\u00eames.<\/p>\n<p><em>Propos recueillis le 8 octobre 2014 dans le cadre de la journ\u00e9e de l\u2019\u00e9nergie de la Foire du Valais<\/em><\/p>\n","protected":false},"excerpt":{"rendered":"<p>La rentabilit\u00e9 actuelle des centrales hydro\u00e9lectriques est en baisse actuellement. La rentabilit\u00e9 doit \u00eatre calcul\u00e9e \u00e0 long terme, sur toute la dur\u00e9e de vie de l\u2019installation. L\u2019essentiel reste toutefois d\u2019assurer la r\u00e9novation des ouvrages, malgr\u00e9 une marge de man\u0153uvre tr\u00e8s faible au niveau de la compression des co\u00fbts. Telles sont les convictions de Massimo Filippini, [&hellip;]<\/p>\n","protected":false},"author":1,"featured_media":0,"comment_status":"closed","ping_status":"closed","sticky":false,"template":"","format":"standard","meta":{"_acf_changed":false,"footnotes":""},"categories":[189],"tags":[],"class_list":["post-10461","post","type-post","status-publish","format-standard","hentry","category-energie"],"acf":[],"_links":{"self":[{"href":"https:\/\/theark.ch\/fr\/wp-json\/wp\/v2\/posts\/10461","targetHints":{"allow":["GET"]}}],"collection":[{"href":"https:\/\/theark.ch\/fr\/wp-json\/wp\/v2\/posts"}],"about":[{"href":"https:\/\/theark.ch\/fr\/wp-json\/wp\/v2\/types\/post"}],"author":[{"embeddable":true,"href":"https:\/\/theark.ch\/fr\/wp-json\/wp\/v2\/users\/1"}],"replies":[{"embeddable":true,"href":"https:\/\/theark.ch\/fr\/wp-json\/wp\/v2\/comments?post=10461"}],"version-history":[{"count":0,"href":"https:\/\/theark.ch\/fr\/wp-json\/wp\/v2\/posts\/10461\/revisions"}],"wp:attachment":[{"href":"https:\/\/theark.ch\/fr\/wp-json\/wp\/v2\/media?parent=10461"}],"wp:term":[{"taxonomy":"category","embeddable":true,"href":"https:\/\/theark.ch\/fr\/wp-json\/wp\/v2\/categories?post=10461"},{"taxonomy":"post_tag","embeddable":true,"href":"https:\/\/theark.ch\/fr\/wp-json\/wp\/v2\/tags?post=10461"}],"curies":[{"name":"wp","href":"https:\/\/api.w.org\/{rel}","templated":true}]}}