{"id":10550,"date":"2014-11-11T11:38:00","date_gmt":"2014-11-11T10:38:00","guid":{"rendered":"http:\/\/theark.ch\/bioarks-inno-day-2014-une-nouvelle-ere-se-prepare-7585\/"},"modified":"2014-11-11T11:38:00","modified_gmt":"2014-11-11T09:38:00","slug":"bioarks-inno-day-2014-une-nouvelle-ere-se-prepare-7585","status":"publish","type":"post","link":"https:\/\/theark.ch\/fr\/news\/bioarks-inno-day-2014-une-nouvelle-ere-se-prepare-7585\/","title":{"rendered":"BioArk\u2019s Inno Day 2014 : une nouvelle \u00e8re se pr\u00e9pare"},"content":{"rendered":"<p><strong>Le 11 novembre dernier s\u2019est tenu au <a href=\"http:\/\/www.bioark.ch\" target=\"_blank\" rel=\"noopener\">BioArk<\/a> de Monthey la traditionnelle journ\u00e9e de conf\u00e9rences du site technologique. Nouvellement baptis\u00e9e BioArk\u2019s Inno Day, cette manifestation a permis de mettre en valeur les prot\u00e9ines recombinantes. Des experts de renom ont pris la parole pour d\u00e9velopper ce th\u00e8me porteur. <\/strong><\/p>\n<p>Les professeurs Florian Wurm (CEO d\u2019<a href=\"http:\/\/www.excellgene.com\" target=\"_blank\" rel=\"noopener\">Excellgene<\/a>) et Tudor Arvinte (Universit\u00e9 de B\u00e2le), mais \u00e9galement Matthieu Stettler de <a href=\"http:\/\/www.merck.ch\/fr\" target=\"_blank\" rel=\"noopener\">Merck Serono<\/a>, Laurent Ducry de <a href=\"http:\/\/www.lonza.com\" target=\"_blank\" rel=\"noopener\">Lonza<\/a>, Neil Ross de <a href=\"http:\/\/www.gelifesciences.com\" target=\"_blank\" rel=\"noopener\">GE Healthcare Life Sences<\/a> et Sarah Wegm\u00fcller de la <a href=\"http:\/\/www.hevs.ch\" target=\"_blank\" rel=\"noopener\">HES-SO Valais-Wallis<\/a>, ont \u00e9voqu\u00e9 les prot\u00e9ines recombinantes. Un th\u00e8me technique, mais tr\u00e8s porteur dans le contexte actuel des sciences de la vie. Plusieurs entreprises valaisannes, comme Excellgene, travaillent dans ce secteur.<\/p>\n<p><strong>Un nouvel \u00e9crin en 2015<\/strong><br \/>\nAu-del\u00e0 de ces conf\u00e9rences, cette journ\u00e9e marque le d\u00e9but d\u2019une nouvelle \u00e8re pour le BioArk de Monthey. En effet, c\u2019est la derni\u00e8re \u00e9dition qui se d\u00e9roulera dans le b\u00e2timent actuel de <a href=\"http:\/\/www.bioark.ch\" target=\"_blank\" rel=\"noopener\">BioArk<\/a>. L\u2019an prochain, le nouveau b\u00e2timent, actuellement en construction, permettra d\u2019accueillir au mieux les participants. \u00ab\u00a0Le chantier avance au mieux\u00a0\u00bb, a pr\u00e9cis\u00e9 Bernard Mudry, administrateur d\u00e9l\u00e9gu\u00e9 de BioArk. \u00ab\u00a0Avant d\u2019avoir inaugur\u00e9 le nouveau b\u00e2timent, plus de 60% des locaux ont d\u00e9j\u00e0 trouv\u00e9 preneur\u00a0\u00bb.<\/p>\n","protected":false},"excerpt":{"rendered":"<p>Le 11 novembre dernier s\u2019est tenu au BioArk de Monthey la traditionnelle journ\u00e9e de conf\u00e9rences du site technologique. Nouvellement baptis\u00e9e BioArk\u2019s Inno Day, cette manifestation a permis de mettre en valeur les prot\u00e9ines recombinantes. Des experts de renom ont pris la parole pour d\u00e9velopper ce th\u00e8me porteur. Les professeurs Florian Wurm (CEO d\u2019Excellgene) et Tudor [&hellip;]<\/p>\n","protected":false},"author":1,"featured_media":0,"comment_status":"closed","ping_status":"closed","sticky":false,"template":"","format":"standard","meta":{"_acf_changed":false,"footnotes":""},"categories":[190],"tags":[],"class_list":["post-10550","post","type-post","status-publish","format-standard","hentry","category-biotechnologies"],"acf":[],"_links":{"self":[{"href":"https:\/\/theark.ch\/fr\/wp-json\/wp\/v2\/posts\/10550","targetHints":{"allow":["GET"]}}],"collection":[{"href":"https:\/\/theark.ch\/fr\/wp-json\/wp\/v2\/posts"}],"about":[{"href":"https:\/\/theark.ch\/fr\/wp-json\/wp\/v2\/types\/post"}],"author":[{"embeddable":true,"href":"https:\/\/theark.ch\/fr\/wp-json\/wp\/v2\/users\/1"}],"replies":[{"embeddable":true,"href":"https:\/\/theark.ch\/fr\/wp-json\/wp\/v2\/comments?post=10550"}],"version-history":[{"count":0,"href":"https:\/\/theark.ch\/fr\/wp-json\/wp\/v2\/posts\/10550\/revisions"}],"wp:attachment":[{"href":"https:\/\/theark.ch\/fr\/wp-json\/wp\/v2\/media?parent=10550"}],"wp:term":[{"taxonomy":"category","embeddable":true,"href":"https:\/\/theark.ch\/fr\/wp-json\/wp\/v2\/categories?post=10550"},{"taxonomy":"post_tag","embeddable":true,"href":"https:\/\/theark.ch\/fr\/wp-json\/wp\/v2\/tags?post=10550"}],"curies":[{"name":"wp","href":"https:\/\/api.w.org\/{rel}","templated":true}]}}