{"id":10697,"date":"2014-12-11T09:42:00","date_gmt":"2014-12-11T08:42:00","guid":{"rendered":"http:\/\/theark.ch\/le-conseil-detat-valaisan-in-corpore-en-visite-au-phytoark-7857\/"},"modified":"2014-12-11T09:42:00","modified_gmt":"2014-12-11T07:42:00","slug":"le-conseil-detat-valaisan-in-corpore-en-visite-au-phytoark-7857","status":"publish","type":"post","link":"https:\/\/theark.ch\/fr\/news\/le-conseil-detat-valaisan-in-corpore-en-visite-au-phytoark-7857\/","title":{"rendered":"Le Conseil d\u2019Etat valaisan in corpore en visite au PhytoArk"},"content":{"rendered":"<p><strong>Le vendredi 7 novembre dernier, PhytoArk a re\u00e7u l\u2019ensemble des membres du Conseil d\u2019Etat valaisan ainsi que les chefs de service du canton, \u00e0 l\u2019occasion de la traditionnelle conf\u00e9rence annuelle organis\u00e9e par M. Cina. Apr\u00e8s une pr\u00e9sentation g\u00e9n\u00e9rale des activit\u00e9s d\u2019<a href=\"http:\/\/www.agroscope.ch\" target=\"_blank\" rel=\"noopener\">Agroscope<\/a>, <a href=\"http:\/\/www.mediplant.ch\" target=\"_blank\" rel=\"noopener\">Mediplant<\/a> et <a href=\"http:\/\/www.phytoark.ch\" target=\"_blank\" rel=\"noopener\">PhytoArk<\/a>, les participants ont pu rencontrer diff\u00e9rentes start-up valaisannes actives dans le domaine des ingr\u00e9dients naturels et d\u00e9couvrir les produits de chacune d\u2019entre elles.<\/strong><\/p>\n<p>Pharmalp a pr\u00e9sent\u00e9 sa nouvelle gamme de soins topiques \u00ab\u00a0plantes alpines\u00a0\u00bb (soin apaisant et <em>forte<\/em>, soin intime) lanc\u00e9e cette ann\u00e9e dans les pharmacies. <a href=\"http:\/\/www.spiralps.ch\" target=\"_blank\" rel=\"noopener\">Spiralps<\/a> a propos\u00e9 \u00e0 la d\u00e9gustation sa nouvelle boisson \u00ab\u00a0fresh spirulina drink\u00a0\u00bb pomme-menthe. Les participants ont \u00e9galement pu d\u00e9couvrir la ligne anti-\u00e2ge de <a href=\"http:\/\/www.be-ceuticals.com\" target=\"_blank\" rel=\"noopener\">Be-Ceuticals<\/a> la boisson favorisant le bien-\u00eatre digestif <a href=\"http:\/\/www.actidot.ch\" target=\"_blank\" rel=\"noopener\">Actidot<\/a> et l\u2019\u00e9lixir anti-stress de Rodhiol\u2019alp, qui sera commercialis\u00e9 en 2015.<\/p>\n<p>Cette rencontre a \u00e9t\u00e9 l\u2019occasion d\u2019offrir une bonne visibilit\u00e9 des produits d\u00e9velopp\u00e9s par des start-up valaisannes et d\u2019\u00e9changer avec les participants sur les multiples facettes de l\u2019aventure \u00a0entrepreneuriale.<\/p>\n","protected":false},"excerpt":{"rendered":"<p>Le vendredi 7 novembre dernier, PhytoArk a re\u00e7u l\u2019ensemble des membres du Conseil d\u2019Etat valaisan ainsi que les chefs de service du canton, \u00e0 l\u2019occasion de la traditionnelle conf\u00e9rence annuelle organis\u00e9e par M. Cina. Apr\u00e8s une pr\u00e9sentation g\u00e9n\u00e9rale des activit\u00e9s d\u2019Agroscope, Mediplant et PhytoArk, les participants ont pu rencontrer diff\u00e9rentes start-up valaisannes actives dans le [&hellip;]<\/p>\n","protected":false},"author":1,"featured_media":0,"comment_status":"closed","ping_status":"closed","sticky":false,"template":"","format":"standard","meta":{"_acf_changed":false,"footnotes":""},"categories":[186],"tags":[],"class_list":["post-10697","post","type-post","status-publish","format-standard","hentry","category-digital"],"acf":[],"_links":{"self":[{"href":"https:\/\/theark.ch\/fr\/wp-json\/wp\/v2\/posts\/10697","targetHints":{"allow":["GET"]}}],"collection":[{"href":"https:\/\/theark.ch\/fr\/wp-json\/wp\/v2\/posts"}],"about":[{"href":"https:\/\/theark.ch\/fr\/wp-json\/wp\/v2\/types\/post"}],"author":[{"embeddable":true,"href":"https:\/\/theark.ch\/fr\/wp-json\/wp\/v2\/users\/1"}],"replies":[{"embeddable":true,"href":"https:\/\/theark.ch\/fr\/wp-json\/wp\/v2\/comments?post=10697"}],"version-history":[{"count":0,"href":"https:\/\/theark.ch\/fr\/wp-json\/wp\/v2\/posts\/10697\/revisions"}],"wp:attachment":[{"href":"https:\/\/theark.ch\/fr\/wp-json\/wp\/v2\/media?parent=10697"}],"wp:term":[{"taxonomy":"category","embeddable":true,"href":"https:\/\/theark.ch\/fr\/wp-json\/wp\/v2\/categories?post=10697"},{"taxonomy":"post_tag","embeddable":true,"href":"https:\/\/theark.ch\/fr\/wp-json\/wp\/v2\/tags?post=10697"}],"curies":[{"name":"wp","href":"https:\/\/api.w.org\/{rel}","templated":true}]}}