{"id":10713,"date":"2014-12-11T10:37:00","date_gmt":"2014-12-11T09:37:00","guid":{"rendered":"http:\/\/theark.ch\/the-ark-bien-armee-pour-les-defis-de-ces-10-prochaines-annees-7859\/"},"modified":"2014-12-11T10:37:00","modified_gmt":"2014-12-11T08:37:00","slug":"the-ark-bien-armee-pour-les-defis-de-ces-10-prochaines-annees-7859","status":"publish","type":"post","link":"https:\/\/theark.ch\/fr\/news\/the-ark-bien-armee-pour-les-defis-de-ces-10-prochaines-annees-7859\/","title":{"rendered":"The Ark, bien arm\u00e9e pour les d\u00e9fis de ces 10 prochaines ann\u00e9es"},"content":{"rendered":"<p><strong>La <a href=\"http:\/\/theark.ch\">Fondation The Ark<\/a> a fait de l\u2019excellent travail depuis sa cr\u00e9ation il y a 10 ans. Son organisation souple et orient\u00e9e projets a permis de soutenir de mani\u00e8re efficace la diversification de l\u2019\u00e9conomie valaisanne. Toutefois, le travail est encore important et les d\u00e9fis nombreux. Mais The Ark est bien arm\u00e9e pour les relever au mieux, comme l\u2019on soulign\u00e9 les orateurs qui ont pris la parole lors de la manifestation marquant les 10 de la Fondation, le 11 d\u00e9cembre dernier au <a href=\"http:\/\/www.technoark.ch\" target=\"_blank\" rel=\"noopener\">TechnoArk<\/a> de Sierre. <\/strong><\/p>\n<p>\u00ab\u00a0Sur plusieurs aspects, The Ark est exemplaire pour ce que nous souhaitons atteindre avec la politique r\u00e9gionale\u00a0\u00bb, a soulign\u00e9 Valerie Donzel, cheffe du secteur Politique r\u00e9gionale au <a href=\"http:\/\/www.seco.admin.ch\/?lang=fr\" target=\"_blank\" rel=\"noopener\">Secr\u00e9tariat d\u2019Etat \u00e0 l\u2019\u00e9conomie<\/a> (SECO). Le SECO estime ainsi qu&#39;aujourd\u2019hui, dix ans apr\u00e8s sa cr\u00e9ation, la Fondation The\u00a0Ark est tr\u00e8s bien positionn\u00e9e. \u00ab\u00a0Nous sommes convaincus que The\u00a0Ark trouvera des solutions appropri\u00e9es pour faire face \u00e0 l&#39;\u00e9volution des conditions cadres des ann\u00e9es \u00e0 venir\u00a0\u00bb.<\/p>\n<p>\u00ab\u00a0Un tel dynamisme aupr\u00e8s de The Ark permettra \u00e0 l\u2019avenir de pr\u00e9server et d\u00e9velopper des postes de travail de qualit\u00e9 dans notre canton du Valais, en cr\u00e9ant des synergies dans le monde de l\u2019innovation de pointe\u00a0\u00bb, a pr\u00e9cis\u00e9 pour sa part St\u00e9phane Coppey, pr\u00e9sident de <a href=\"http:\/\/www.monthey.ch\" target=\"_blank\" rel=\"noopener\">Monthey<\/a>. \u00ab\u00a0Dans un monde en pleine mutation dans lequel la presse se fait quotidiennement l\u2019\u00e9cho de restructurations et autres d\u00e9localisations, il est toutefois primordial de soutenir l\u2019innovation et le d\u00e9veloppement de start-up afin d\u2019assurer une p\u00e9rennisation de tous les sites chapeaut\u00e9s par The Ark\u00a0\u00bb.<\/p>\n<p><strong>Conversion aussi importante que l\u2019industrialisation<\/strong><br \/>\nDe son c\u00f4t\u00e9, Jean-Michel Cina, pr\u00e9sident du gouvernement valaisan a constat\u00e9 avec plaisir que les effets g\u00e9n\u00e9r\u00e9s par l\u2019activit\u00e9 de la Fondation The Ark ont servi la science, mais \u00e9galement les int\u00e9r\u00eats plus larges de l\u2019\u00e9conomie valaisanne. \u00ab\u00a0Ils ont r\u00e9ellement symbolis\u00e9, pour le Valais technologique, une conversion autant importante que celle qui a vu notre canton, au d\u00e9but du XX\u00e8me si\u00e8cle, se diriger vers l\u2019industrialisation\u00a0\u00bb.<\/p>\n<p>Cette conversion a \u00e9t\u00e9 le r\u00e9sultat d\u2019une volont\u00e9 et d\u2019une ambition partag\u00e9es tant par un canton que par des villes et communes, mais \u00e9galement d\u2019autres partenaires qui se sont r\u00e9v\u00e9l\u00e9s indispensables dans cette construction d\u2019un Valais technologique.<\/p>\n<p>Des entreprises technologiques existaient bien avant la cr\u00e9ation de la Fondation The Ark. Entreprises qui v\u00e9hiculaient d\u00e9j\u00e0 au travers de leurs produits et services l\u2019image du savoir-faire valaisan ; mais la cr\u00e9ation de la Fondation a r\u00e9ellement initi\u00e9 une d\u00e9marche \u00ab organis\u00e9e \u00bb, et synth\u00e9tis\u00e9e dans une strat\u00e9gie de diversification et de dynamisation \u00e9conomique pens\u00e9e sur un niveau cantonal.<\/p>\n<p><strong>Evoluer et innover sans cesse<\/strong><br \/>\n\u00ab\u00a0L\u2019implication des principaux acteurs de l\u2019\u00e9conomie valaisanne est \u00e9galement indispensable. Ce n\u2019est qu\u2019ensemble, uni dans cette m\u00eame volont\u00e9 de continuer \u00e0 construire ce Valais moderne, innovant et ouvert que nous y parviendrons\u00a0\u00bb.\u00a0<\/p>\n<p>Les d\u00e9fis que The Ark est amen\u00e9 \u00e0 relever \u00e0 l\u2019avenir sont nombreux. Le premier sera de pouvoir garantir le financement n\u00e9cessaire pour assurer sa p\u00e9rennit\u00e9 et celle du tissu \u00e9conomique valaisan.<\/p>\n<p>Le second sera de pouvoir se renouveler, comme elle a si bien su le faire jusqu\u2019ici. Ne jamais rester fig\u00e9 dans son mod\u00e8le et ses prestations, \u00e9voluer, innover. C\u2019est ce que devra faire The Ark, et je suis persuad\u00e9 que son \u00e9quipe, g\u00e9r\u00e9e par son bras op\u00e9rationnel <a href=\"http:\/\/www.cimark.ch\" target=\"_blank\" rel=\"noopener\">CimArk<\/a>, y parviendra avec le succ\u00e8s qu\u2019elle a connu jusqu\u2019ici, a conclu Jean-Michel Cina.<\/p>\n","protected":false},"excerpt":{"rendered":"<p>La Fondation The Ark a fait de l\u2019excellent travail depuis sa cr\u00e9ation il y a 10 ans. Son organisation souple et orient\u00e9e projets a permis de soutenir de mani\u00e8re efficace la diversification de l\u2019\u00e9conomie valaisanne. Toutefois, le travail est encore important et les d\u00e9fis nombreux. Mais The Ark est bien arm\u00e9e pour les relever au [&hellip;]<\/p>\n","protected":false},"author":1,"featured_media":0,"comment_status":"closed","ping_status":"closed","sticky":false,"template":"","format":"standard","meta":{"_acf_changed":false,"footnotes":""},"categories":[186],"tags":[],"class_list":["post-10713","post","type-post","status-publish","format-standard","hentry","category-digital"],"acf":[],"_links":{"self":[{"href":"https:\/\/theark.ch\/fr\/wp-json\/wp\/v2\/posts\/10713","targetHints":{"allow":["GET"]}}],"collection":[{"href":"https:\/\/theark.ch\/fr\/wp-json\/wp\/v2\/posts"}],"about":[{"href":"https:\/\/theark.ch\/fr\/wp-json\/wp\/v2\/types\/post"}],"author":[{"embeddable":true,"href":"https:\/\/theark.ch\/fr\/wp-json\/wp\/v2\/users\/1"}],"replies":[{"embeddable":true,"href":"https:\/\/theark.ch\/fr\/wp-json\/wp\/v2\/comments?post=10713"}],"version-history":[{"count":0,"href":"https:\/\/theark.ch\/fr\/wp-json\/wp\/v2\/posts\/10713\/revisions"}],"wp:attachment":[{"href":"https:\/\/theark.ch\/fr\/wp-json\/wp\/v2\/media?parent=10713"}],"wp:term":[{"taxonomy":"category","embeddable":true,"href":"https:\/\/theark.ch\/fr\/wp-json\/wp\/v2\/categories?post=10713"},{"taxonomy":"post_tag","embeddable":true,"href":"https:\/\/theark.ch\/fr\/wp-json\/wp\/v2\/tags?post=10713"}],"curies":[{"name":"wp","href":"https:\/\/api.w.org\/{rel}","templated":true}]}}