{"id":11009,"date":"2015-06-09T09:16:00","date_gmt":"2015-06-09T07:16:00","guid":{"rendered":"http:\/\/theark.ch\/six-nouvelles-start-up-dans-lincubateur-the-ark-depuis-debut-2015-8175\/"},"modified":"2015-06-09T09:16:00","modified_gmt":"2015-06-09T07:16:00","slug":"six-nouvelles-start-up-dans-lincubateur-the-ark-depuis-debut-2015-8175","status":"publish","type":"post","link":"https:\/\/theark.ch\/fr\/news\/six-nouvelles-start-up-dans-lincubateur-the-ark-depuis-debut-2015-8175\/","title":{"rendered":"Six nouvelles start-up dans l\u2019Incubateur The Ark depuis d\u00e9but 2015"},"content":{"rendered":"<p><strong>Pour la troisi\u00e8me ann\u00e9e cons\u00e9cutive, l\u2019Incubateur The Ark a mis sur pied deux jours de workshop consacr\u00e9s \u00e0 l\u2019art du pitch. Cet atelier s\u2019est d\u00e9roul\u00e9 cette ann\u00e9e \u00e0 Leukerbad, les 30 avril et 1<sup>er<\/sup> mai. Huit start-up et onze entrepreneurs ont particip\u00e9 \u00e0 cette formation pratique, focalis\u00e9e sur leur projet d\u2019entreprise. Leurs pitchs ont \u00e9t\u00e9 drill\u00e9s et soumis \u00e0 la critique, toujours constructive, des coachs et des experts du jury. Des elevators pitchs ont \u00e9galement \u00e9t\u00e9 travaill\u00e9s et film\u00e9s. Ils peuvent \u00eatre visionn\u00e9s sur la <a href=\"https:\/\/www.youtube.com\/user\/thearkvalais1\" target=\"_blank\" rel=\"noopener\">cha\u00eene YouTube de The Ark<\/a>.<\/strong><\/p>\n<p>Les Rencontres de l\u2019Incubateur du d\u00e9but d\u2019ann\u00e9e ont connu un vif succ\u00e8s. Avec pr\u00e8s de 50 participants \u00e0 chaque \u00e9dition, c\u2019est un parterre de start-up, PME, entrepreneurs et int\u00e9ress\u00e9s qui ont partag\u00e9 des th\u00e9matiques aussi vari\u00e9es que la fiscalit\u00e9 des entreprises, l\u2019int\u00e9gration d\u2019investisseurs ou le difficile exercice de r\u00e9aliser des pr\u00e9sentations visuelles. Des r\u00e9sum\u00e9s des conf\u00e9rences donn\u00e9es peuvent \u00eatre consult\u00e9s en tout temps <a href=\"http:\/\/blog.theark.ch\" target=\"_blank\" rel=\"noopener\">sur le blog The Ark<\/a>.<\/p>\n<p>Par ailleurs, six nouveaux projets de start-up ont int\u00e9gr\u00e9 l\u2019Incubateur durant le premier semestre 2015:<\/p>\n<ul>\n<li><a href=\"http:\/\/www.biowatch.ch\" target=\"_blank\" rel=\"noopener\"><strong>Biowatch<\/strong><\/a> est bas\u00e9e sur une technologie de l\u2019Idiap qui permet de reconna\u00eetre de mani\u00e8re individualis\u00e9e les veines du poignet. Cette start-up compte d\u00e9velopper cette reconnaissance par les veines pour proposer des dispositifs d\u2019acc\u00e8s s\u00e9curis\u00e9s et d\u2019authentification.<\/li>\n<li>Apr\u00e8s avoir, gr\u00e2ce \u00e0 la Bourse The Ark, valid\u00e9 un march\u00e9 potentiel, le projet <strong>SmartEagle<\/strong> a int\u00e9gr\u00e9 l\u2019Incubateur au TechnoArk afin de proposer aux architectes un outil de gestion de leurs projets.<\/li>\n<li><a href=\"http:\/\/karmagenes.co\" target=\"_blank\" rel=\"noopener\"><strong>Karmagenes<\/strong><\/a>, bas\u00e9e au BioArk de Monthey, propose de d\u00e9finir vos humeurs via vos g\u00e8nes, gr\u00e2ce \u00e0 une plateforme d\u00e9di\u00e9e.<\/li>\n<li><strong>Skinex<\/strong>, \u00e9galement bas\u00e9 au BioArk de Monthey, d\u00e9veloppe et commercialise des ingr\u00e9dients cosm\u00e9tiques actifs \u00e0 base d\u2019extr\u00eamophiles.<\/li>\n<li>Enfin, deux projets ont rejoint le tout nouvel espace d\u2019incubation \u00e0 Energypolis, le campus EPFL &#8211; HES-SO Valais -The Ark de Sion. <a href=\"http:\/\/www.boggawind.com\" target=\"_blank\" rel=\"noopener\"><strong>Bogga Wind<\/strong><\/a> y con\u00e7oit et d\u00e9veloppe des \u00e9oliennes verticales sp\u00e9cifiques de nouvelle g\u00e9n\u00e9ration.<\/li>\n<li>De son c\u00f4t\u00e9, <a href=\"http:\/\/www.vsboat.ch\" target=\"_blank\" rel=\"noopener\"><strong>VSBoat<\/strong><\/a> d\u00e9veloppe et commercialise des bateaux mus par des moteurs \u00e9lectriques.<\/li>\n<\/ul>\n<p>Durant le dernier semestre, <a href=\"http:\/\/cordsavings.ch\" target=\"_blank\" rel=\"noopener\"><strong>CordSavings<\/strong><\/a> sur le BioArk et <a href=\"http:\/\/www.fairtrace.ch\" target=\"_blank\" rel=\"noopener\"><strong>Fairtrace<\/strong><\/a> au TechnoArk, ont \u00e9t\u00e9 int\u00e9gr\u00e9es en incubation de d\u00e9veloppement, la derni\u00e8re phase du processus de l\u2019Incubateur The Ark. Quant \u00e0 <a href=\"http:\/\/www.inflamalps.com\" target=\"_blank\" rel=\"noopener\"><strong>InflamAlps<\/strong><\/a> et <strong>Genetic Biomarkers, <\/strong>ils ont quitt\u00e9 l\u2019incubateur et continuent leurs activit\u00e9s sur leurs march\u00e9s respectifs.<\/p>\n","protected":false},"excerpt":{"rendered":"<p>Pour la troisi\u00e8me ann\u00e9e cons\u00e9cutive, l\u2019Incubateur The Ark a mis sur pied deux jours de workshop consacr\u00e9s \u00e0 l\u2019art du pitch. Cet atelier s\u2019est d\u00e9roul\u00e9 cette ann\u00e9e \u00e0 Leukerbad, les 30 avril et 1er mai. Huit start-up et onze entrepreneurs ont particip\u00e9 \u00e0 cette formation pratique, focalis\u00e9e sur leur projet d\u2019entreprise. Leurs pitchs ont \u00e9t\u00e9 [&hellip;]<\/p>\n","protected":false},"author":1,"featured_media":0,"comment_status":"closed","ping_status":"closed","sticky":false,"template":"","format":"standard","meta":{"_acf_changed":false,"footnotes":""},"categories":[186],"tags":[],"class_list":["post-11009","post","type-post","status-publish","format-standard","hentry","category-digital"],"acf":[],"_links":{"self":[{"href":"https:\/\/theark.ch\/fr\/wp-json\/wp\/v2\/posts\/11009","targetHints":{"allow":["GET"]}}],"collection":[{"href":"https:\/\/theark.ch\/fr\/wp-json\/wp\/v2\/posts"}],"about":[{"href":"https:\/\/theark.ch\/fr\/wp-json\/wp\/v2\/types\/post"}],"author":[{"embeddable":true,"href":"https:\/\/theark.ch\/fr\/wp-json\/wp\/v2\/users\/1"}],"replies":[{"embeddable":true,"href":"https:\/\/theark.ch\/fr\/wp-json\/wp\/v2\/comments?post=11009"}],"version-history":[{"count":0,"href":"https:\/\/theark.ch\/fr\/wp-json\/wp\/v2\/posts\/11009\/revisions"}],"wp:attachment":[{"href":"https:\/\/theark.ch\/fr\/wp-json\/wp\/v2\/media?parent=11009"}],"wp:term":[{"taxonomy":"category","embeddable":true,"href":"https:\/\/theark.ch\/fr\/wp-json\/wp\/v2\/categories?post=11009"},{"taxonomy":"post_tag","embeddable":true,"href":"https:\/\/theark.ch\/fr\/wp-json\/wp\/v2\/tags?post=11009"}],"curies":[{"name":"wp","href":"https:\/\/api.w.org\/{rel}","templated":true}]}}