{"id":11305,"date":"2015-09-24T10:42:00","date_gmt":"2015-09-24T08:42:00","guid":{"rendered":"http:\/\/theark.ch\/journee-portes-ouvertes-decouvrez-le-bioark-de-monthey-8260\/"},"modified":"2015-09-24T10:42:00","modified_gmt":"2015-09-24T08:42:00","slug":"journee-portes-ouvertes-decouvrez-le-bioark-de-monthey-8260","status":"publish","type":"post","link":"https:\/\/theark.ch\/fr\/news\/journee-portes-ouvertes-decouvrez-le-bioark-de-monthey-8260\/","title":{"rendered":"Journ\u00e9e Portes Ouvertes: d\u00e9couvrez le BioArk de Monthey !"},"content":{"rendered":"<p><strong>Poussez la porte du site technologique de <a href=\"http:\/\/www.bioark.ch\" target=\"_blank\" rel=\"noopener\">BioArk<\/a> \u00e0 Monthey et d\u00e9couvrez ses entreprises innovantes, ses installations high-tech et l\u2019Ecole intercantonale des laborantins en chimie! Le BioArk inaugure samedi 3 octobre prochain sa nouvelle extension. A cette occasion, le public est invit\u00e9, de 10h \u00e0 15h, \u00e0 visiter ces nouvelles installations d\u00e9di\u00e9es \u00e0 la biotechnologie. N\u2019h\u00e9sitez pas \u00e0 nous rejoindre en famille \u00e0 cette occasion! Des animations pour petits et grands sont pr\u00e9vues.<\/strong><\/p>\n<p>La nouvelle construction du BioArk, qui s\u2019ajoute \u00e0 l\u2019ancien b\u00e2timent, permet d\u2019offrir plus de 6500 m2 de surface de travail. Celles-ci sont \u00e0 disposition pour d\u00e9velopper des projets dans le domaine de la biotechnologie, du diagnostic et des sciences de la vie au sens large. Le b\u00e2timent abrite des PME, des start-up et l\u2019Ecole intercantonale de laborantin(e)s en chimie. De nouvelles soci\u00e9t\u00e9s ont d\u00e9j\u00e0 annonc\u00e9 leur arriv\u00e9e.<\/p>\n<p><strong>Durant la journ\u00e9e du 3 octobre, BioArk vous propose les activit\u00e9s suivantes:<\/strong><\/p>\n<ul>\n<li>Visites des infrastructures et du b\u00e2timent<\/li>\n<li>Atelier de fabrication de bracelets technologiques pour les enfants<\/li>\n<li>Pr\u00e9sentation interactive de PME innovantes\u00a0<\/li>\n<li>Projection d\u2019un mini-film sur l\u2019innovation en Valais<\/li>\n<li>Visites de l\u2019Ecole intercantonale de laborantin(e)s en chimie<\/li>\n<li>Ap\u00e9ritif offert<\/li>\n<\/ul>\n<p>\n<strong>Entr\u00e9e libre et invitation cordiale \u00e0 toutes et \u00e0 tous.<\/strong><\/p>\n<p><a href=\"http:\/\/theark.ch\/media\/document\/0\/flyer-inauguration-bioark2-2015_bd.pdf\" target=\"_blank\" rel=\"noopener\"><strong>T\u00e9l\u00e9chargez le flyer de l&#39;\u00e9v\u00e8nement<\/strong><\/a><\/p>\n","protected":false},"excerpt":{"rendered":"<p>Poussez la porte du site technologique de BioArk \u00e0 Monthey et d\u00e9couvrez ses entreprises innovantes, ses installations high-tech et l\u2019Ecole intercantonale des laborantins en chimie! Le BioArk inaugure samedi 3 octobre prochain sa nouvelle extension. A cette occasion, le public est invit\u00e9, de 10h \u00e0 15h, \u00e0 visiter ces nouvelles installations d\u00e9di\u00e9es \u00e0 la biotechnologie. [&hellip;]<\/p>\n","protected":false},"author":1,"featured_media":0,"comment_status":"closed","ping_status":"closed","sticky":false,"template":"","format":"standard","meta":{"_acf_changed":false,"footnotes":""},"categories":[190],"tags":[],"class_list":["post-11305","post","type-post","status-publish","format-standard","hentry","category-biotechnologies"],"acf":[],"_links":{"self":[{"href":"https:\/\/theark.ch\/fr\/wp-json\/wp\/v2\/posts\/11305","targetHints":{"allow":["GET"]}}],"collection":[{"href":"https:\/\/theark.ch\/fr\/wp-json\/wp\/v2\/posts"}],"about":[{"href":"https:\/\/theark.ch\/fr\/wp-json\/wp\/v2\/types\/post"}],"author":[{"embeddable":true,"href":"https:\/\/theark.ch\/fr\/wp-json\/wp\/v2\/users\/1"}],"replies":[{"embeddable":true,"href":"https:\/\/theark.ch\/fr\/wp-json\/wp\/v2\/comments?post=11305"}],"version-history":[{"count":0,"href":"https:\/\/theark.ch\/fr\/wp-json\/wp\/v2\/posts\/11305\/revisions"}],"wp:attachment":[{"href":"https:\/\/theark.ch\/fr\/wp-json\/wp\/v2\/media?parent=11305"}],"wp:term":[{"taxonomy":"category","embeddable":true,"href":"https:\/\/theark.ch\/fr\/wp-json\/wp\/v2\/categories?post=11305"},{"taxonomy":"post_tag","embeddable":true,"href":"https:\/\/theark.ch\/fr\/wp-json\/wp\/v2\/tags?post=11305"}],"curies":[{"name":"wp","href":"https:\/\/api.w.org\/{rel}","templated":true}]}}