{"id":11537,"date":"2016-02-03T15:25:00","date_gmt":"2016-02-03T14:25:00","guid":{"rendered":"http:\/\/theark.ch\/leenergycenter-et-the-ark-ouvrent-des-perspectives-dans-la-e-energy-8371\/"},"modified":"2016-02-03T15:25:00","modified_gmt":"2016-02-03T13:25:00","slug":"leenergycenter-et-the-ark-ouvrent-des-perspectives-dans-la-e-energy-8371","status":"publish","type":"post","link":"https:\/\/theark.ch\/fr\/news\/leenergycenter-et-the-ark-ouvrent-des-perspectives-dans-la-e-energy-8371\/","title":{"rendered":"L\u2019eEnergyCenter et The Ark ouvrent des perspectives dans la e-energy"},"content":{"rendered":"<p><strong>Le canton du Valais dispose de plusieurs initiatives de promotion et d\u2019accompagnement des projets de e-energy. Parmi elles, le <a href=\"http:\/\/www.eenergycenter.ch\/\" target=\"_blank\" rel=\"noopener\">eEnergyCenter<\/a> de Sierre et <a href=\"http:\/\/theark.ch\/\" target=\"_blank\" rel=\"noopener\">The Ark<\/a>, la Fondation pour l\u2019innovation en Valais. Pour ces deux organismes, des priorit\u00e9s claires ont \u00e9t\u00e9 fix\u00e9es pour ce domaine d\u2019activit\u00e9s. \u00c0\u00a0la cl\u00e9, des programmes-cadres de soutien \u00e0 des projets concrets avec des PME et start-up de la r\u00e9gion. <\/strong><\/p>\n<p>L\u2019eEnergyCenter, lanc\u00e9 \u00e0 fin\u00a02014, a ainsi mis en place une infrastructure de r\u00e9colte et de gestion de donn\u00e9es \u00e9nerg\u00e9tiques bas\u00e9e sur des technologies Big data est sp\u00e9cialis\u00e9e dans la gestion des s\u00e9ries temporelles. \u00ab\u2009Nous souhaitons construire des syst\u00e8mes d\u2019information innovants, qui doivent servir \u00e0 tous les acteurs de la cha\u00eene de valeur de l\u2019\u00e9nergie. Cette infrastructure est un acc\u00e9l\u00e9rateur \u00e0 nos projets. Elle nous permet de tester de nouvelles technologies et de nous concentrer sur la cr\u00e9ation d\u2019applications d\u00e9di\u00e9es\u00a0: pr\u00e9diction, gestion de l\u2019\u00e9nergie d\u2019ajustement. Ces services \u00e9nerg\u00e9tiques sont\u00a0d\u00e9velopp\u00e9s dans nos projets avec les PME\u2009\u00bb, pr\u00e9cise <a href=\"https:\/\/ch.linkedin.com\/in\/yvan-betrisey-12b29aa9\" target=\"_blank\" rel=\"noopener\">Yvan B\u00e9trisey<\/a>, coordinateur de l\u2019eEnergyCenter. Ceci est rendu possible gr\u00e2ce \u00e0 une collaboration et une innovation partag\u00e9es entre diff\u00e9rents instituts de recherche en Valais et ailleurs. \u00ab\u2009Des \u00e9quipes interdisciplinaires sont ainsi cr\u00e9\u00e9es, dans le but d\u2019avoir les meilleures comp\u00e9tences possibles\u2009\u00bb.<\/p>\n<p>De son c\u00f4t\u00e9, The Ark met depuis plusieurs ann\u00e9es un focus sur la e-energy, dans le sillage de son programme The Ark Energy, qui s\u2019est termin\u00e9 \u00e0 la fin\u00a02014. \u00ab\u2009En 2016, la e-energy, au m\u00eame titre que la e-sant\u00e9, sera l\u2019un des chevaux de bataille de The Ark\u2009\u00bb, pr\u00e9cise <a href=\"https:\/\/www.linkedin.com\/in\/fr%C3%A9d%C3%A9ric-bagnoud-0449041\" target=\"_blank\" rel=\"noopener\">Fr\u00e9d\u00e9ric Bagnoud<\/a>, secr\u00e9taire g\u00e9n\u00e9ral de The Ark. Diff\u00e9rents projets de recherche et de soutien \u00e0 des PME ont \u00e9t\u00e9 mis en place et le seront encore durant les prochaines ann\u00e9es par le biais d\u2019un large programme d\u2019accompagnement. Ceci dans le but de diversifier au mieux l\u2019\u00e9conomie valaisanne, gr\u00e2ce \u00e0 des activit\u00e9s \u00e0 forte valeur ajout\u00e9e.<\/p>\n<p><em>Propos recueillis le 29.01.2016 lors de la Conf\u00e9rence TechnoArk de Sierre<\/em><\/p>\n","protected":false},"excerpt":{"rendered":"<p>Le canton du Valais dispose de plusieurs initiatives de promotion et d\u2019accompagnement des projets de e-energy. Parmi elles, le eEnergyCenter de Sierre et The Ark, la Fondation pour l\u2019innovation en Valais. Pour ces deux organismes, des priorit\u00e9s claires ont \u00e9t\u00e9 fix\u00e9es pour ce domaine d\u2019activit\u00e9s. \u00c0\u00a0la cl\u00e9, des programmes-cadres de soutien \u00e0 des projets concrets [&hellip;]<\/p>\n","protected":false},"author":1,"featured_media":0,"comment_status":"closed","ping_status":"closed","sticky":false,"template":"","format":"standard","meta":{"_acf_changed":false,"footnotes":""},"categories":[189],"tags":[],"class_list":["post-11537","post","type-post","status-publish","format-standard","hentry","category-energie"],"acf":[],"_links":{"self":[{"href":"https:\/\/theark.ch\/fr\/wp-json\/wp\/v2\/posts\/11537","targetHints":{"allow":["GET"]}}],"collection":[{"href":"https:\/\/theark.ch\/fr\/wp-json\/wp\/v2\/posts"}],"about":[{"href":"https:\/\/theark.ch\/fr\/wp-json\/wp\/v2\/types\/post"}],"author":[{"embeddable":true,"href":"https:\/\/theark.ch\/fr\/wp-json\/wp\/v2\/users\/1"}],"replies":[{"embeddable":true,"href":"https:\/\/theark.ch\/fr\/wp-json\/wp\/v2\/comments?post=11537"}],"version-history":[{"count":0,"href":"https:\/\/theark.ch\/fr\/wp-json\/wp\/v2\/posts\/11537\/revisions"}],"wp:attachment":[{"href":"https:\/\/theark.ch\/fr\/wp-json\/wp\/v2\/media?parent=11537"}],"wp:term":[{"taxonomy":"category","embeddable":true,"href":"https:\/\/theark.ch\/fr\/wp-json\/wp\/v2\/categories?post=11537"},{"taxonomy":"post_tag","embeddable":true,"href":"https:\/\/theark.ch\/fr\/wp-json\/wp\/v2\/tags?post=11537"}],"curies":[{"name":"wp","href":"https:\/\/api.w.org\/{rel}","templated":true}]}}