{"id":11761,"date":"2016-04-27T13:59:00","date_gmt":"2016-04-27T11:59:00","guid":{"rendered":"http:\/\/theark.ch\/le-eenergy-center-en-conference-a-smart-energies-paris-8436\/"},"modified":"2016-04-27T13:59:00","modified_gmt":"2016-04-27T11:59:00","slug":"le-eenergy-center-en-conference-a-smart-energies-paris-8436","status":"publish","type":"post","link":"https:\/\/theark.ch\/fr\/news\/le-eenergy-center-en-conference-a-smart-energies-paris-8436\/","title":{"rendered":"Le eEnergy Center en conf\u00e9rence \u00e0 Smart Energies Paris"},"content":{"rendered":"<p><strong>Yvan B\u00e9trisey, coordinateur de l\u2019<a href=\"http:\/\/www.eenergycenter.ch\/\" target=\"_blank\" rel=\"noopener\">eEnergy Center<\/a> de Sierre, sera l\u2019un des orateurs de la conf\u00e9rence <a href=\"http:\/\/www.smart-energies-expo.com\/\" target=\"_blank\" rel=\"noopener\">Smart Energies 2016<\/a>, qui se tiendra \u00e0 fin mai \u00e0 Paris. Il sera le seul repr\u00e9sentant suisse pr\u00e9sent sur place. La pr\u00e9sence de l\u2019eEnergy Center \u00e0 cette manifestation de r\u00e9f\u00e9rence dans le domaine de la gestion intelligente de l\u2019\u00e9nergie, est une belle reconnaissance pour cet organisme co-fond\u00e9 par la <a href=\"http:\/\/www.eenergycenter.ch\/\" target=\"_blank\" rel=\"noopener\">Fondation The Ark<\/a>.<\/strong><\/p>\n<p>Yvan B\u00e9trisey s\u2019exprimera sur le pavillon Big Data &#038; IoT Energy. Il y parlera notamment de tracking \u00e9nerg\u00e9tique. Son intervention s\u2019intitulera \u00ab Infrastructure IT et smart metering pour la transition \u00e9nerg\u00e9tique \u00bb. Dans la liste des orateurs, il figure au c\u00f4t\u00e9 de grands noms comme <a href=\"https:\/\/www.microsoft.com\/fr-ch\/\" target=\"_blank\" rel=\"noopener\">Microsoft<\/a>, <a href=\"http:\/\/www.engie.com\/\" target=\"_blank\" rel=\"noopener\">Engie<\/a>, <a href=\"https:\/\/www.oracle.com\/ch-fr\/index.html\" target=\"_blank\" rel=\"noopener\">Oracle<\/a> ou <a href=\"http:\/\/www.ericsson.com\/\" target=\"_blank\" rel=\"noopener\">Ericsson<\/a>.<\/p>\n<p>Cr\u00e9\u00e9 en 2014, le eEnergy Center est un centre de comp\u00e9tences en innovation, mod\u00e8les d\u2019affaires, sciences sociales et syst\u00e8mes d\u2019informations au service de la transition \u00e9nerg\u00e9tique. Sa mission est de r\u00e9aliser des projets de recherche, appliqu\u00e9s et interdisciplinaires, dans le domaine de la gestion intelligente de l\u2019\u00e9nergie. Son but est de concevoir et de d\u00e9velopper les syst\u00e8mes d\u2019information de demain afin d\u2019optimiser l\u2019utilisation des \u00e9nergies renouvelables, le stockage et les moyens de production.<\/p>\n<p>\n<strong>Informations compl\u00e9mentaires<\/strong> : <a href=\"http:\/\/www.eenergycenter.ch\" target=\"_blank\" rel=\"noopener\">www.eenergycenter.ch<\/a> et <a href=\"http:\/\/www.smart-energies-expo.com\/\" target=\"_blank\" rel=\"noopener\">www.smart-energies-expo.com<\/a><\/p>\n","protected":false},"excerpt":{"rendered":"<p>Yvan B\u00e9trisey, coordinateur de l\u2019eEnergy Center de Sierre, sera l\u2019un des orateurs de la conf\u00e9rence Smart Energies 2016, qui se tiendra \u00e0 fin mai \u00e0 Paris. Il sera le seul repr\u00e9sentant suisse pr\u00e9sent sur place. La pr\u00e9sence de l\u2019eEnergy Center \u00e0 cette manifestation de r\u00e9f\u00e9rence dans le domaine de la gestion intelligente de l\u2019\u00e9nergie, est [&hellip;]<\/p>\n","protected":false},"author":1,"featured_media":0,"comment_status":"closed","ping_status":"closed","sticky":false,"template":"","format":"standard","meta":{"_acf_changed":false,"footnotes":""},"categories":[189],"tags":[],"class_list":["post-11761","post","type-post","status-publish","format-standard","hentry","category-energie"],"acf":[],"_links":{"self":[{"href":"https:\/\/theark.ch\/fr\/wp-json\/wp\/v2\/posts\/11761","targetHints":{"allow":["GET"]}}],"collection":[{"href":"https:\/\/theark.ch\/fr\/wp-json\/wp\/v2\/posts"}],"about":[{"href":"https:\/\/theark.ch\/fr\/wp-json\/wp\/v2\/types\/post"}],"author":[{"embeddable":true,"href":"https:\/\/theark.ch\/fr\/wp-json\/wp\/v2\/users\/1"}],"replies":[{"embeddable":true,"href":"https:\/\/theark.ch\/fr\/wp-json\/wp\/v2\/comments?post=11761"}],"version-history":[{"count":0,"href":"https:\/\/theark.ch\/fr\/wp-json\/wp\/v2\/posts\/11761\/revisions"}],"wp:attachment":[{"href":"https:\/\/theark.ch\/fr\/wp-json\/wp\/v2\/media?parent=11761"}],"wp:term":[{"taxonomy":"category","embeddable":true,"href":"https:\/\/theark.ch\/fr\/wp-json\/wp\/v2\/categories?post=11761"},{"taxonomy":"post_tag","embeddable":true,"href":"https:\/\/theark.ch\/fr\/wp-json\/wp\/v2\/tags?post=11761"}],"curies":[{"name":"wp","href":"https:\/\/api.w.org\/{rel}","templated":true}]}}