{"id":12009,"date":"2016-07-18T17:35:00","date_gmt":"2016-07-18T15:35:00","guid":{"rendered":"http:\/\/theark.ch\/nouvelle-politique-regionale-la-suisse-occidentale-mise-sur-le-renforcement-des-synergies-et-le-soutien-a-l-innovation-8494\/"},"modified":"2016-07-18T17:35:00","modified_gmt":"2016-07-18T15:35:00","slug":"nouvelle-politique-regionale-la-suisse-occidentale-mise-sur-le-renforcement-des-synergies-et-le-soutien-a-l-innovation-8494","status":"publish","type":"post","link":"https:\/\/theark.ch\/fr\/news\/nouvelle-politique-regionale-la-suisse-occidentale-mise-sur-le-renforcement-des-synergies-et-le-soutien-a-l-innovation-8494\/","title":{"rendered":"Nouvelle politique r\u00e9gionale: la Suisse occidentale mise sur le renforcement des synergies et le soutien \u00e0 l&rsquo;innovation"},"content":{"rendered":"<p>Les deux premiers programmes intercantonaux de Nouvelle politique r\u00e9gionale (2008-2011 et 2012-2015) ont permis de mettre en place des structures et des projets concrets, centr\u00e9s sur la qualit\u00e9 et l\u2019\u00e9ventail des prestations offertes aux PME et aux start-up innovantes de Suisse occidentale. Le nouveau volet 2016-2019, dot\u00e9 d\u2019un budget global de 22.78 millions de francs, est soutenu \u00e0 parts \u00e9gales par la Conf\u00e9d\u00e9ration et les cantons de Suisse occidentale. Il vise \u00e0 conserver les orientations principales des premi\u00e8res p\u00e9riodes, tout en renfor\u00e7ant la capacit\u00e9 d\u2019innovation des PME et start-up de Suisse occidentale. Ceci se traduit par la mise en r\u00e9seau accrue des Antennes cantonales et des plateformes de promotion sectorielle Alp ICT, BioAlps, CleantechAlps et Micronarc, ainsi que des organismes de coaching platinn et Alliance. Cette mise en r\u00e9seau permet au programme intercantonal de se positionner dans le Syst\u00e8me r\u00e9gional d\u2019innovation de la Suisse occidentale (RIS-SO), tel que pr\u00e9conis\u00e9 par la Conf\u00e9d\u00e9ration dans son Message relatif \u00e0 la mise en oeuvre de la Nouvelle politique r\u00e9gionale dans la p\u00e9riode 2016-2023.<\/p>\n<p><strong style=\"line-height: 20.8px;\">Programme g\u00e9r\u00e9 par\u00a0la CDEP-SO<\/strong><br \/>\nLa gestion de ce programme est confi\u00e9e \u00e0 la Conf\u00e9rence des Chefs de D\u00e9partement de l&#39;Economie publique de Suisse occidentale (CDEP-SO), qui regroupe les cantons de Berne, Fribourg, Vaud, Valais, Neuch\u00e2tel, Gen\u00e8ve et Jura. La mission centrale de la CDEP-SO est de mieux positionner la r\u00e9gion comme territoire o\u00f9 le d\u00e9veloppement \u00e9conomique est \u00e0 la fois dynamique, innovant et respectueux de l&#39;environnement. Le programme de Nouvelle politique r\u00e9gionale soutient ces objectifs. Cette troisi\u00e8me p\u00e9riode de programmation en Suisse occidentale atteste l&#39;engagement de la CDEP-SO en faveur du d\u00e9veloppement intercantonal.<\/p>\n<p>Le lancement de ce nouveau programme a \u00e9t\u00e9 au coeur d&#39;une manifestation organis\u00e9e par la CDEP-SO \u00e0 Fribourg, le 9 juin dernier. Faisant la part belle aux accomplissements et aux projets futurs des plateformes de promotion sectorielle et des organismes de coaching, il a r\u00e9uni une centaine de participants issus des milieux de l\u2019innovation et de la promotion \u00e9conomique en Suisse occidentale, ainsi que des repr\u00e9sentants de la Conf\u00e9d\u00e9ration. Les ateliers et discussions de l\u2019apr\u00e8s-midi ont \u00e9t\u00e9\u00a0riches en \u00e9changes au sujet des outils \u00e0 disposition et de la mise en r\u00e9seau des organismes de soutien, qui vont s&#39;inscrire d\u00e9sormais dans le nouveau Syst\u00e8me r\u00e9gional d&#39;innovation de Suisse occidentale (RIS-SO). Lors de son discours inaugural, le Conseiller d&#39;Etat et aux Etats Beat Vonlanthen a du reste soulign\u00e9 l\u2019importance du maintien de ces initiatives \u00e0 l\u2019\u00e9chelle intercantonale et le renforcement de leur compl\u00e9mentarit\u00e9 avec les structures cantonales. L&#39;affermissement de la dynamique d\u2019innovation \u00e0 l\u2019\u00e9chelle r\u00e9gionale est une pr\u00e9occupation politique de premier plan pour les cantons de Suisse occidentale. Il en va en effet de la vigueur de leurs \u00e9conomies et de la qualit\u00e9 de vie, ce qu&#39;atteste le d\u00e9veloppement des derni\u00e8res ann\u00e9es.<\/p>\n<p>\n<strong>Source<\/strong>: CDEP-SO<br \/>\n<strong>Cr\u00e9dit photo<\/strong>: Keren Bisaz<\/p>\n","protected":false},"excerpt":{"rendered":"<p>Les deux premiers programmes intercantonaux de Nouvelle politique r\u00e9gionale (2008-2011 et 2012-2015) ont permis de mettre en place des structures et des projets concrets, centr\u00e9s sur la qualit\u00e9 et l\u2019\u00e9ventail des prestations offertes aux PME et aux start-up innovantes de Suisse occidentale. Le nouveau volet 2016-2019, dot\u00e9 d\u2019un budget global de 22.78 millions de francs, [&hellip;]<\/p>\n","protected":false},"author":1,"featured_media":0,"comment_status":"closed","ping_status":"closed","sticky":false,"template":"","format":"standard","meta":{"_acf_changed":false,"footnotes":""},"categories":[189],"tags":[],"class_list":["post-12009","post","type-post","status-publish","format-standard","hentry","category-energie"],"acf":[],"_links":{"self":[{"href":"https:\/\/theark.ch\/fr\/wp-json\/wp\/v2\/posts\/12009","targetHints":{"allow":["GET"]}}],"collection":[{"href":"https:\/\/theark.ch\/fr\/wp-json\/wp\/v2\/posts"}],"about":[{"href":"https:\/\/theark.ch\/fr\/wp-json\/wp\/v2\/types\/post"}],"author":[{"embeddable":true,"href":"https:\/\/theark.ch\/fr\/wp-json\/wp\/v2\/users\/1"}],"replies":[{"embeddable":true,"href":"https:\/\/theark.ch\/fr\/wp-json\/wp\/v2\/comments?post=12009"}],"version-history":[{"count":0,"href":"https:\/\/theark.ch\/fr\/wp-json\/wp\/v2\/posts\/12009\/revisions"}],"wp:attachment":[{"href":"https:\/\/theark.ch\/fr\/wp-json\/wp\/v2\/media?parent=12009"}],"wp:term":[{"taxonomy":"category","embeddable":true,"href":"https:\/\/theark.ch\/fr\/wp-json\/wp\/v2\/categories?post=12009"},{"taxonomy":"post_tag","embeddable":true,"href":"https:\/\/theark.ch\/fr\/wp-json\/wp\/v2\/tags?post=12009"}],"curies":[{"name":"wp","href":"https:\/\/api.w.org\/{rel}","templated":true}]}}